{"id":147887,"date":"2019-09-17T18:09:49","date_gmt":"2019-09-17T21:09:49","guid":{"rendered":"https:\/\/diarioregionaldigital.com.br\/?p=147887"},"modified":"2019-09-17T18:09:49","modified_gmt":"2019-09-17T21:09:49","slug":"bruno-guimaraes-e-guerrero-concedem-entrevista-coletiva-nesta-terca","status":"publish","type":"post","link":"https:\/\/diarioregionaldigital.com.br\/?p=147887","title":{"rendered":"Bruno Guimar\u00e3es e Guerrero concedem entrevista coletiva nesta ter\u00e7a"},"content":{"rendered":"<p>A final da Copa do Brasil 2019 promove uma entrevista coletiva conjunta com representantes de Internacional e Athletico-PR nesta ter\u00e7a-feira (17). Palco da decis\u00e3o, a sala de imprensa do Beira-Rio receber\u00e1, na mesma mesa, o meia Bruno Guimar\u00e3es e o atacante Paolo Guerrero. A dupla vai responder as perguntas dos jornalistas a partir das 18h (de Bras\u00edlia).<\/p>\n<p>No jogo de ida, na Arena da Baixada, em Curitiba (PR), Bruno Guimar\u00e3es marcou o gol que deu a vit\u00f3ria ao Furac\u00e3o por 1 a 0 e, consequentemente, garantiu a vantagem rubro-negra. Guerrero tamb\u00e9m vem de atua\u00e7\u00f5es de destaque na competi\u00e7\u00e3o. O atacante peruano do Colorado deixou as semifinais da competi\u00e7\u00e3o com saldo de dois gols diante do Cruzeiro e marcou, ao todo, cinco tentos na competi\u00e7\u00e3o mais democr\u00e1tica do pa\u00eds.<\/p>\n<p>Por atua\u00e7\u00f5es como estas citadas acima, o meia do Athletico e oatacante do Inter disputam a Bola de Ouro da Copa do Brasil 2019, que premia o grande craque do torneio. A escolha \u00e9 atrav\u00e9s do voto popular e os torcedores podem escolher o atleta preferido no perfil oficial da Copa do Brasil no Facebook. Al\u00e9m disso, a competi\u00e7\u00e3o mais democr\u00e1tica do pa\u00eds tamb\u00e9m premia o melhor goleiro. Santos, do Furac\u00e3o, e F\u00e1bio, do Cruzeiro, duelam pela Luva de Ouro.<\/p>\n<p>A final\u00edssima da Copa do Brasil acontece nesta quarta-feira (18), \u00e0s 21h30 (de Bras\u00edlia), no Beira-Rio, em Porto Alegre (RS). O Athletico tem vantagem e fica com o t\u00edtulo, que seria in\u00e9dito em sua hist\u00f3ria, em caso de qualquer empate. O Inter precisa vencer por pelo menos um gol de diferen\u00e7a para levar a decis\u00e3o para os p\u00eanaltis. Assim como o grande campe\u00e3o, os vencedores da Bola de Ouro e da Luva de Ouro ser\u00e3o conhecimentos somente na quarta-feira.<\/p>\n<p>Fonte: CBF<\/p>\n","protected":false},"excerpt":{"rendered":"<p>A final da Copa do Brasil 2019 promove uma entrevista coletiva conjunta com representantes de Internacional e Athletico-PR nesta ter\u00e7a-feira (17). Palco da decis\u00e3o, a sala de imprensa do Beira-Rio receber\u00e1, na mesma mesa, o meia Bruno Guimar\u00e3es e o atacante Paolo Guerrero. A dupla vai responder as perguntas dos jornalistas a partir das 18h [&hellip;]<\/p>\n","protected":false},"author":96,"featured_media":147893,"comment_status":"closed","ping_status":"closed","sticky":false,"template":"","format":"standard","meta":{"footnotes":""},"categories":[436,257,439],"tags":[],"class_list":["post-147887","post","type-post","status-publish","format-standard","has-post-thumbnail","hentry","category-destaque-da-semana","category-esporte","category-ultima-hora"],"_links":{"self":[{"href":"https:\/\/diarioregionaldigital.com.br\/index.php?rest_route=\/wp\/v2\/posts\/147887","targetHints":{"allow":["GET"]}}],"collection":[{"href":"https:\/\/diarioregionaldigital.com.br\/index.php?rest_route=\/wp\/v2\/posts"}],"about":[{"href":"https:\/\/diarioregionaldigital.com.br\/index.php?rest_route=\/wp\/v2\/types\/post"}],"author":[{"embeddable":true,"href":"https:\/\/diarioregionaldigital.com.br\/index.php?rest_route=\/wp\/v2\/users\/96"}],"replies":[{"embeddable":true,"href":"https:\/\/diarioregionaldigital.com.br\/index.php?rest_route=%2Fwp%2Fv2%2Fcomments&post=147887"}],"version-history":[{"count":0,"href":"https:\/\/diarioregionaldigital.com.br\/index.php?rest_route=\/wp\/v2\/posts\/147887\/revisions"}],"wp:featuredmedia":[{"embeddable":true,"href":"https:\/\/diarioregionaldigital.com.br\/index.php?rest_route=\/wp\/v2\/media\/147893"}],"wp:attachment":[{"href":"https:\/\/diarioregionaldigital.com.br\/index.php?rest_route=%2Fwp%2Fv2%2Fmedia&parent=147887"}],"wp:term":[{"taxonomy":"category","embeddable":true,"href":"https:\/\/diarioregionaldigital.com.br\/index.php?rest_route=%2Fwp%2Fv2%2Fcategories&post=147887"},{"taxonomy":"post_tag","embeddable":true,"href":"https:\/\/diarioregionaldigital.com.br\/index.php?rest_route=%2Fwp%2Fv2%2Ftags&post=147887"}],"curies":[{"name":"wp","href":"https:\/\/api.w.org\/{rel}","templated":true}]}}