{"id":147884,"date":"2019-09-17T18:07:18","date_gmt":"2019-09-17T21:07:18","guid":{"rendered":"https:\/\/diarioregionaldigital.com.br\/?p=147884"},"modified":"2019-09-17T18:07:18","modified_gmt":"2019-09-17T21:07:18","slug":"museu-mariano-procopio-participa-da-13a-primavera-de-museus","status":"publish","type":"post","link":"https:\/\/diarioregionaldigital.com.br\/?p=147884","title":{"rendered":"Museu \u201cMariano Proc\u00f3pio\u201d participa da \u201c13\u00aa Primavera de Museus\u201d"},"content":{"rendered":"<p>A Funda\u00e7\u00e3o Museu \u201cMariano Proc\u00f3pio\u201d participar\u00e1, entre os dias 23 e 29 de setembro, da \u201c13\u00aa Primavera de Museus\u201d. Este ano, a iniciativa, promovida pelo Instituto Brasileiro de Museus (Ibram), tem como tema \u201cMuseus por Dentro, por Dentro dos Museus\u201d, e, assim como os espa\u00e7os de mem\u00f3ria de todo o pa\u00eds que se inscreveram, Juiz de Fora ter\u00e1 programa\u00e7\u00e3o com a tem\u00e1tica do evento.<\/p>\n<p>Durante este per\u00edodo, diversas atividades v\u00e3o ser realizadas, como o projeto \u201cMuseu vai \u00e0 Escola\u201d, visita\u00e7\u00e3o mediada ao circuito expositivo, reserva t\u00e9cnica, oficinas tem\u00e1ticas, apresenta\u00e7\u00f5es diversas e concurso fotogr\u00e1fico, dentre outros.<\/p>\n<p>Para participa\u00e7\u00e3o de algumas atividades ser\u00e1 necess\u00e1rio realizar a inscri\u00e7\u00e3o.<\/p>\n<p>Confira a programa\u00e7\u00e3o:<\/p>\n<p><strong>Dia 23, segunda-feira<\/strong>\u00a0\u2013 \u201cO Museu vai \u00e0 Escola\u201d. De 13 \u00e0s 17 horas.<\/p>\n<p>&#8211; Atividade interativa em escola da rede p\u00fablica de ensino.<\/p>\n<p>A\u00e7\u00f5es educativas que despertem conhecimento, apropria\u00e7\u00e3o e valoriza\u00e7\u00e3o da heran\u00e7a cultural juiz-forana nos participantes, com exposi\u00e7\u00f5es itinerantes e atividades tem\u00e1ticas e oficinas, possibilitando gera\u00e7\u00e3o e produ\u00e7\u00e3o de novos conhecimentos entre as partes envolvidas.<\/p>\n<p><strong>Dia 24 , ter\u00e7a-feira<\/strong>\u00a0&#8211; Abertura da mostra<\/p>\n<p>&#8211; \u201cRetalhos do Passado: Hist\u00f3rias Descobertas Pelo Restauro da \u201cVilla\u201d<\/p>\n<p>Em exposi\u00e7\u00e3o at\u00e9 final de outubro, na Galeria \u201cMaria Am\u00e1lia\u201d, de ter\u00e7a a sexta-feira, das 10 \u00e0s 17 horas.<\/p>\n<p><strong>Visita \u00e0s reservas:<\/strong><\/p>\n<p>Forma\u00e7\u00e3o de grupos de at\u00e9 dez pessoas, previamente inscritas, para visita\u00e7\u00e3o aos arquivos fotogr\u00e1fico e hist\u00f3rico, biblioteca, reserva t\u00e9cnica e laborat\u00f3rio de restaura\u00e7\u00e3o.<\/p>\n<p><strong>1\u00ba grupo:<\/strong>\u00a09 \u00e0s 10 horas<\/p>\n<p><strong>2\u00ba grupo:<\/strong>\u00a010h30 \u00e0s 11h30<\/p>\n<p><strong>3\u00ba grupo:<\/strong>\u00a014h30 \u00e0s 15h30<\/p>\n<p><strong>4\u00ba grupo:\u00a0<\/strong>16 \u00e0s 17 hora<\/p>\n<p><strong>Inscri\u00e7\u00f5es at\u00e9 o dia 20, pelo telefone 3690-2027<\/strong><\/p>\n<p><strong>Dia 25, quarta-feira\u00a0<\/strong>\u2013 Palestra<\/p>\n<p>&#8211; &#8220;Ex-por&#8221; em museus: os bastidores da arte de representar e reapresentar, atrav\u00e9s dos circuitos expositivos.<\/p>\n<p>Ministrada por: Equipe do Datec<\/p>\n<p><strong>\u00c0s 14 horas<\/strong><\/p>\n<p><strong>Local:\u00a0<\/strong>sede administrativa, seguida de visita \u00e0s exposi\u00e7\u00f5es do pr\u00e9dio \u201cMariano Proc\u00f3pio\u201d<\/p>\n<p>Inscri\u00e7\u00f5es pelo telefone 3690-2027, at\u00e9 dia 24<\/p>\n<p>&#8211; Conta\u00e7\u00e3o de hist\u00f3ria, a partir das 15 horas<\/p>\n<p>Com escolas convidadas e aberto ao p\u00fablico. Convidadas: Michele Valle e Maga San<\/p>\n<p><strong>Local:\u00a0<\/strong>em frente ao pr\u00e9dio \u201cMariano Proc\u00f3pio\u201d<\/p>\n<p><strong>Dia 26, quinta-feira\u00a0<\/strong>\u2013 Roda de conversa \u2013 10 horas<\/p>\n<p>&#8211; Media\u00e7\u00e3o cultural<\/p>\n<p>Convidados: Vanessa Lambert e Arthur Oliveira da Silva<\/p>\n<p><strong>Local:<\/strong>\u00a0\u201cJardim Suspenso\u201d<\/p>\n<p>*Aberto ao p\u00fablico*<\/p>\n<p><strong>Dia 27, sexta-feira<\/strong>\u00a0&#8211; Visita mediada com conta\u00e7\u00e3o de hist\u00f3ria \u2013 9 horas<\/p>\n<p>&#8211; Com Michele Valle e Maga Sam<\/p>\n<p><strong>Local:<\/strong>\u00a0percurso do parque, bosque e galeria (visita) e conta\u00e7\u00e3o de hist\u00f3ria, em frente ao pr\u00e9dio \u201cMariano Proc\u00f3pio\u201d<\/p>\n<p>&#8211; Apresenta\u00e7\u00e3o recital da classe de Canto da Universidade Federal de Juiz de Fora (UFJF) &#8211; 16 \u00e0s 17 horas<\/p>\n<p>&#8211; Participa\u00e7\u00e3o de nove m\u00fasicos e uso de um piano digital.<\/p>\n<p><strong>Local:<\/strong>\u00a0Galeria \u201cMaria Am\u00e1lia\u201d<\/p>\n<p>Apresenta\u00e7\u00e3o aberta ao p\u00fablico*<\/p>\n<p><strong>Dia 28, s\u00e1bado<\/strong>\u00a0\u2013 Oficina Tem\u00e1tica \u2013 9 horas<\/p>\n<p>&#8211; \u201cO Pequeno Colecionador\u201d<\/p>\n<p><strong>Local:<\/strong>\u00a0parque do Museu (espa\u00e7o da cantina, entorno do lago e \u201cJardim Sim\u00e9trico\u201d)<\/p>\n<p>Evento infantil, com inscri\u00e7\u00e3o pelo telefone 3690-2027<\/p>\n<p>\u201cTarde Cultural\u201d &#8211; 14 \u00e0s 17 horas<\/p>\n<p>&#8211; Visando oferecer momentos de lazer e socializa\u00e7\u00e3o, ser\u00e1 realizado no parque do Museu<\/p>\n<p>Oficinas e apresenta\u00e7\u00f5es musicais abertas ao p\u00fablico.<\/p>\n<p><strong>Local:<\/strong>\u00a0parque do Museu<\/p>\n<p><strong>\u00a0<\/strong><\/p>\n<p><strong>Dia 29, domingo\u00a0<\/strong>&#8211; \u201cCopa Brasil de Fotografia\u201d \u2013 De 10h30 \u00e0s 13 horas<br \/>\n&#8211; Circuito de concurso presencial e online, onde qualquer pessoa pode participar, independente da imagem e do equipamento, inclusive, celular, atrav\u00e9s da mobgrafia.<\/p>\n<p>Esta ser\u00e1 a s\u00e9tima etapa de 2019. E a quarta em Juiz de Fora, em tr\u00eas anos.<\/p>\n<p>Inscri\u00e7\u00f5es no site\u00a0<a href=\"https:\/\/www.copadobrasildefotografia.com.br\/\">www.copadobrasildefotografia.com.br<\/a><\/p>\n<p><strong>Local:<\/strong>\u00a0parque e bosque<\/p>\n<p>&nbsp;<\/p>\n","protected":false},"excerpt":{"rendered":"<p>A Funda\u00e7\u00e3o Museu \u201cMariano Proc\u00f3pio\u201d participar\u00e1, entre os dias 23 e 29 de setembro, da \u201c13\u00aa Primavera de Museus\u201d. Este ano, a iniciativa, promovida pelo Instituto Brasileiro de Museus (Ibram), tem como tema \u201cMuseus por Dentro, por Dentro dos Museus\u201d, e, assim como os espa\u00e7os de mem\u00f3ria de todo o pa\u00eds que se inscreveram, Juiz [&hellip;]<\/p>\n","protected":false},"author":96,"featured_media":147886,"comment_status":"closed","ping_status":"closed","sticky":false,"template":"","format":"standard","meta":{"footnotes":""},"categories":[253,436,440,439],"tags":[],"class_list":["post-147884","post","type-post","status-publish","format-standard","has-post-thumbnail","hentry","category-cidade","category-destaque-da-semana","category-destaques-do-dia","category-ultima-hora"],"_links":{"self":[{"href":"https:\/\/diarioregionaldigital.com.br\/index.php?rest_route=\/wp\/v2\/posts\/147884","targetHints":{"allow":["GET"]}}],"collection":[{"href":"https:\/\/diarioregionaldigital.com.br\/index.php?rest_route=\/wp\/v2\/posts"}],"about":[{"href":"https:\/\/diarioregionaldigital.com.br\/index.php?rest_route=\/wp\/v2\/types\/post"}],"author":[{"embeddable":true,"href":"https:\/\/diarioregionaldigital.com.br\/index.php?rest_route=\/wp\/v2\/users\/96"}],"replies":[{"embeddable":true,"href":"https:\/\/diarioregionaldigital.com.br\/index.php?rest_route=%2Fwp%2Fv2%2Fcomments&post=147884"}],"version-history":[{"count":0,"href":"https:\/\/diarioregionaldigital.com.br\/index.php?rest_route=\/wp\/v2\/posts\/147884\/revisions"}],"wp:featuredmedia":[{"embeddable":true,"href":"https:\/\/diarioregionaldigital.com.br\/index.php?rest_route=\/wp\/v2\/media\/147886"}],"wp:attachment":[{"href":"https:\/\/diarioregionaldigital.com.br\/index.php?rest_route=%2Fwp%2Fv2%2Fmedia&parent=147884"}],"wp:term":[{"taxonomy":"category","embeddable":true,"href":"https:\/\/diarioregionaldigital.com.br\/index.php?rest_route=%2Fwp%2Fv2%2Fcategories&post=147884"},{"taxonomy":"post_tag","embeddable":true,"href":"https:\/\/diarioregionaldigital.com.br\/index.php?rest_route=%2Fwp%2Fv2%2Ftags&post=147884"}],"curies":[{"name":"wp","href":"https:\/\/api.w.org\/{rel}","templated":true}]}}