{"id":147882,"date":"2019-09-17T18:06:07","date_gmt":"2019-09-17T21:06:07","guid":{"rendered":"https:\/\/diarioregionaldigital.com.br\/?p=147882"},"modified":"2019-09-17T18:06:07","modified_gmt":"2019-09-17T21:06:07","slug":"juiz-de-fora-recebe-caravana-para-treinamento-gratuito-de-energia-fotovoltaica","status":"publish","type":"post","link":"https:\/\/diarioregionaldigital.com.br\/?p=147882","title":{"rendered":"Juiz de Fora recebe caravana para treinamento gratuito de energia fotovoltaica"},"content":{"rendered":"<p>Iniciada na Bahia, a Caravana Canadian Solar j\u00e1 percorreu 21 munic\u00edpios brasileiros, levando capacita\u00e7\u00e3o gratuita para os interessados em trabalhar com instala\u00e7\u00e3o de sistemas de energia solar. Ao todo, mais de 50 cidades receber\u00e3o o caminh\u00e3o equipado para fornecer treinamento a quem deseja ingressar ou se aperfei\u00e7oar como instalador solar.<\/p>\n<p>Na pr\u00f3xima quinta-feira, 19, \u00e9 a vez de Juiz de Fora receber a iniciativa e os interessados v\u00e3o poder se inscrever para o curso \u201cNo\u00e7\u00f5es B\u00e1sicas de Energia Solar Fotovoltaica\u201d. Ao todo s\u00e3o 20 vagas dispon\u00edveis.<\/p>\n<p>Para participar, \u00e9 necess\u00e1rio ter conclu\u00eddo o ensino m\u00e9dio. A iniciativa \u00e9 gratuita, mediante doa\u00e7\u00e3o de um casaco, e acontece, a partir das 8h30, na sede do Centro Integrado de Desenvolvimento do Trabalhador do Servi\u00e7o Social da Ind\u00fastria\/Servi\u00e7o Nacional de Aprendizagem Industrial (Sesi\/Senai CIDT) Luiz Adelar Scheuer, localizado BR-040, Km 773, Barreira do Triunfo, ao lado da F\u00e1brica Mercedes-Benz. As inscri\u00e7\u00f5es devem ser feitas pelo endere\u00e7o eletr\u00f4nico\u00a0<a href=\"http:\/\/roadshowcanadiansolar.com.br\/juiz_de_fora\/\">roadshowcanadiansolar.com.br<\/a>.<\/p>\n","protected":false},"excerpt":{"rendered":"<p>Iniciada na Bahia, a Caravana Canadian Solar j\u00e1 percorreu 21 munic\u00edpios brasileiros, levando capacita\u00e7\u00e3o gratuita para os interessados em trabalhar com instala\u00e7\u00e3o de sistemas de energia solar. Ao todo, mais de 50 cidades receber\u00e3o o caminh\u00e3o equipado para fornecer treinamento a quem deseja ingressar ou se aperfei\u00e7oar como instalador solar. Na pr\u00f3xima quinta-feira, 19, \u00e9 [&hellip;]<\/p>\n","protected":false},"author":96,"featured_media":147883,"comment_status":"closed","ping_status":"closed","sticky":false,"template":"","format":"standard","meta":{"footnotes":""},"categories":[253,436,439],"tags":[],"class_list":["post-147882","post","type-post","status-publish","format-standard","has-post-thumbnail","hentry","category-cidade","category-destaque-da-semana","category-ultima-hora"],"_links":{"self":[{"href":"https:\/\/diarioregionaldigital.com.br\/index.php?rest_route=\/wp\/v2\/posts\/147882","targetHints":{"allow":["GET"]}}],"collection":[{"href":"https:\/\/diarioregionaldigital.com.br\/index.php?rest_route=\/wp\/v2\/posts"}],"about":[{"href":"https:\/\/diarioregionaldigital.com.br\/index.php?rest_route=\/wp\/v2\/types\/post"}],"author":[{"embeddable":true,"href":"https:\/\/diarioregionaldigital.com.br\/index.php?rest_route=\/wp\/v2\/users\/96"}],"replies":[{"embeddable":true,"href":"https:\/\/diarioregionaldigital.com.br\/index.php?rest_route=%2Fwp%2Fv2%2Fcomments&post=147882"}],"version-history":[{"count":0,"href":"https:\/\/diarioregionaldigital.com.br\/index.php?rest_route=\/wp\/v2\/posts\/147882\/revisions"}],"wp:featuredmedia":[{"embeddable":true,"href":"https:\/\/diarioregionaldigital.com.br\/index.php?rest_route=\/wp\/v2\/media\/147883"}],"wp:attachment":[{"href":"https:\/\/diarioregionaldigital.com.br\/index.php?rest_route=%2Fwp%2Fv2%2Fmedia&parent=147882"}],"wp:term":[{"taxonomy":"category","embeddable":true,"href":"https:\/\/diarioregionaldigital.com.br\/index.php?rest_route=%2Fwp%2Fv2%2Fcategories&post=147882"},{"taxonomy":"post_tag","embeddable":true,"href":"https:\/\/diarioregionaldigital.com.br\/index.php?rest_route=%2Fwp%2Fv2%2Ftags&post=147882"}],"curies":[{"name":"wp","href":"https:\/\/api.w.org\/{rel}","templated":true}]}}