{"id":147876,"date":"2019-09-17T15:39:55","date_gmt":"2019-09-17T18:39:55","guid":{"rendered":"https:\/\/diarioregionaldigital.com.br\/?p=147876"},"modified":"2019-09-17T15:39:55","modified_gmt":"2019-09-17T18:39:55","slug":"governo-reduz-tarifa-de-importacao-de-equipamentos-medicos","status":"publish","type":"post","link":"https:\/\/diarioregionaldigital.com.br\/?p=147876","title":{"rendered":"Governo reduz tarifa de importa\u00e7\u00e3o de equipamentos m\u00e9dicos"},"content":{"rendered":"<p>O Minist\u00e9rio da Economia zerou o imposto de importa\u00e7\u00e3o para centenas de produtos, entre eles, equipamentos m\u00e9dicos, de inform\u00e1tica e para a ind\u00fastria. A informa\u00e7\u00e3o foi destacada pelo presidente Jair Bolsonaro em publica\u00e7\u00e3o na sua conta pessoal no Twitter.<\/p>\n<p>\u201cAp\u00f3s zerar impostos de medicamentos que combatem AIDS e c\u00e2ncer, o Governo Bolsonaro, via @MinEconomia, faz o mesmo com centenas de produtos, entre eles, com equipamentos e produ\u00e7\u00e3o m\u00e9dicos, exames, cirurgias oftalmol\u00f3gicas, inform\u00e1tica e outros\u201d, escreveu.<\/p>\n<p>A Portaria N\u00ba 2.024, de 12 de setembro de 2019, da Secretaria Especial de Com\u00e9rcio Exterior e Assuntos Internacionais do Minist\u00e9rio da Economia foi publicada nesta segunda-feira (16) no\u00a0<a href=\"http:\/\/pesquisa.in.gov.br\/imprensa\/jsp\/visualiza\/index.jsp?data=16\/09\/2019&amp;jornal=515&amp;pagina=14\" target=\"_blank\" rel=\"noopener\"><em>Di\u00e1rio Oficial da Uni\u00e3o<\/em><\/a>\u00a0e entra em vigor dois dias \u00fateis a partir da data de publica\u00e7\u00e3o.<\/p>\n<p>Tamb\u00e9m pelo Twitter, o Minist\u00e9rio da Economia informou que j\u00e1 foram zerados impostos de importa\u00e7\u00e3o de 1.189 produtos. \u201cEstamos trabalhando para baratear o custo de investimentos e facilitar o acesso dos brasileiros a bens que n\u00e3o s\u00e3o produzidos aqui. J\u00e1 zeramos o imposto de importa\u00e7\u00e3o de 1.189 produtos. Agora, damos mais um passo para incentivar o investimento e a moderniza\u00e7\u00e3o das nossas f\u00e1bricas\u201d, diz a publica\u00e7\u00e3o.<\/p>\n<p>No in\u00edcio do m\u00eas de agosto, o governo tamb\u00e9m reduziu as\u00a0<a href=\"http:\/\/[http:\/\/agenciabrasil.ebc.com.br\/economia\/noticia\/2019-08\/governo-reduz-tarifas-de-importacao-de-medicamento-de-hiv-no-mercosul\" target=\"_blank\" rel=\"noopener\">tarifas de imp<\/a>o<a href=\"http:\/\/[http:\/\/agenciabrasil.ebc.com.br\/economia\/noticia\/2019-08\/governo-reduz-tarifas-de-importacao-de-medicamento-de-hiv-no-mercosul\" target=\"_blank\" rel=\"noopener\">rta\u00e7\u00e3o<\/a>\u00a0de 17 produtos como medicamentos para tratamento de c\u00e2ncer e HIV\/Aids com o objetivo de reduzir o custo de produ\u00e7\u00e3o das empresas instaladas no Brasil e o pre\u00e7o dos produtos para os consumidores.<\/p>\n<blockquote class=\"twitter-tweet\" data-width=\"550\" data-dnt=\"true\">\n<p lang=\"pt\" dir=\"ltr\">Ap\u00f3s zerar impostos de medicamentos que combatem AIDS e c\u00e2ncer, o Governo Bolsonaro, via <a href=\"https:\/\/twitter.com\/MinEconomia?ref_src=twsrc%5Etfw\">@MinEconomia<\/a> , faz o mesmo com centenas de produtos, entre eles, com equipamentos e produ\u00e7\u00e3o m\u00e9dicos, exames, cirurgias oftalmol\u00f3gicas, inform\u00e1tica e outros. <a href=\"https:\/\/t.co\/AXYNHMW7Yw\">https:\/\/t.co\/AXYNHMW7Yw<\/a><\/p>\n<p>&mdash; Jair M. Bolsonaro (@jairbolsonaro) <a href=\"https:\/\/twitter.com\/jairbolsonaro\/status\/1173923130919792641?ref_src=twsrc%5Etfw\">September 17, 2019<\/a><\/p><\/blockquote>\n<p><script async src=\"https:\/\/platform.twitter.com\/widgets.js\" charset=\"utf-8\"><\/script><\/p>\n<p>Fonte: Ag\u00eancia Brasil<\/p>\n","protected":false},"excerpt":{"rendered":"<p>O Minist\u00e9rio da Economia zerou o imposto de importa\u00e7\u00e3o para centenas de produtos, entre eles, equipamentos m\u00e9dicos, de inform\u00e1tica e para a ind\u00fastria. A informa\u00e7\u00e3o foi destacada pelo presidente Jair Bolsonaro em publica\u00e7\u00e3o na sua conta pessoal no Twitter. \u201cAp\u00f3s zerar impostos de medicamentos que combatem AIDS e c\u00e2ncer, o Governo Bolsonaro, via @MinEconomia, faz [&hellip;]<\/p>\n","protected":false},"author":96,"featured_media":147877,"comment_status":"closed","ping_status":"closed","sticky":false,"template":"","format":"standard","meta":{"footnotes":""},"categories":[436,254,439],"tags":[],"class_list":["post-147876","post","type-post","status-publish","format-standard","has-post-thumbnail","hentry","category-destaque-da-semana","category-politica","category-ultima-hora"],"_links":{"self":[{"href":"https:\/\/diarioregionaldigital.com.br\/index.php?rest_route=\/wp\/v2\/posts\/147876","targetHints":{"allow":["GET"]}}],"collection":[{"href":"https:\/\/diarioregionaldigital.com.br\/index.php?rest_route=\/wp\/v2\/posts"}],"about":[{"href":"https:\/\/diarioregionaldigital.com.br\/index.php?rest_route=\/wp\/v2\/types\/post"}],"author":[{"embeddable":true,"href":"https:\/\/diarioregionaldigital.com.br\/index.php?rest_route=\/wp\/v2\/users\/96"}],"replies":[{"embeddable":true,"href":"https:\/\/diarioregionaldigital.com.br\/index.php?rest_route=%2Fwp%2Fv2%2Fcomments&post=147876"}],"version-history":[{"count":0,"href":"https:\/\/diarioregionaldigital.com.br\/index.php?rest_route=\/wp\/v2\/posts\/147876\/revisions"}],"wp:featuredmedia":[{"embeddable":true,"href":"https:\/\/diarioregionaldigital.com.br\/index.php?rest_route=\/wp\/v2\/media\/147877"}],"wp:attachment":[{"href":"https:\/\/diarioregionaldigital.com.br\/index.php?rest_route=%2Fwp%2Fv2%2Fmedia&parent=147876"}],"wp:term":[{"taxonomy":"category","embeddable":true,"href":"https:\/\/diarioregionaldigital.com.br\/index.php?rest_route=%2Fwp%2Fv2%2Fcategories&post=147876"},{"taxonomy":"post_tag","embeddable":true,"href":"https:\/\/diarioregionaldigital.com.br\/index.php?rest_route=%2Fwp%2Fv2%2Ftags&post=147876"}],"curies":[{"name":"wp","href":"https:\/\/api.w.org\/{rel}","templated":true}]}}