{"id":147874,"date":"2019-09-17T15:33:50","date_gmt":"2019-09-17T18:33:50","guid":{"rendered":"https:\/\/diarioregionaldigital.com.br\/?p=147874"},"modified":"2019-09-17T15:33:50","modified_gmt":"2019-09-17T18:33:50","slug":"comissao-da-pessoa-com-deficiencia-discute-e-propoe-alteracoes-no-pl-dos-supermercados","status":"publish","type":"post","link":"https:\/\/diarioregionaldigital.com.br\/?p=147874","title":{"rendered":"Comiss\u00e3o da Pessoa com Defici\u00eancia discute e prop\u00f5e altera\u00e7\u00f5es no PL dos supermercados"},"content":{"rendered":"<p>\u201cEstamos sendo apagados da pol\u00edtica\u201d. Essa foi uma das constata\u00e7\u00f5es apresentadas durante reuni\u00e3o, nesta segunda-feira, 16, da Comiss\u00e3o dos Direitos da Pessoa com Defici\u00eancia. No encontro, presidido pelo vereador Jo\u00e3o Coteca (PR), foram definidas algumas a\u00e7\u00f5es que poder\u00e3o contribuir para a\u00e7\u00f5es mais efetivas nas quest\u00f5es relacionadas aos direitos das pessoas com defici\u00eancia. A primeira medida apresentada pelo vereador foi o Projeto de Lei (PL) que obriga supermercados a terem funcion\u00e1rios capacitados ao atendimento de deficientes visuais. O projeto j\u00e1 est\u00e1 em tr\u00e2mite, mas ficou decidido que tamb\u00e9m seja analisado pelos membros do Conselho. De acordo com o representante da Associa\u00e7\u00e3o Livre de Apoio Excepcional (Alae), Luiz Chafi Hallack, a ideia \u00e9 pensar em como adicionar a obrigatoriedade a bancos, hospitais, com\u00e9rcios e reparti\u00e7\u00f5es p\u00fablicas. \u201cN\u00e3o vejo horizonte sadio sen\u00e3o dermos uma guinada. Est\u00e3o apagando as pessoas com defici\u00eancia\u201d.<\/p>\n<p>Ainda sobre o PL, Jairo Jardins, que \u00e9 deficiente visual e visitante na Comiss\u00e3o, acrescentou que em muitos casos, \u201capenas o treinamento de um funcion\u00e1rio n\u00e3o \u00e9 suficiente para a demanda. Em alguns casos, para diminuir custos, os supermercados n\u00e3o t\u00eam profissionais espec\u00edficos para o trabalho e j\u00e1 aconteceu de eu precisar esperar muito tempo e depois tirarem uma pessoa que trabalha no caixa para me atender. \u00c9 preciso que seja feito de forma regulamentada e que contemple outros setores do com\u00e9rcio\u201d.\u00a0 Embora j\u00e1 em tr\u00e2mite nas comiss\u00f5es do Legislativo, n\u00e3o h\u00e1 impeditivo para novas considera\u00e7\u00f5es ao PL.<\/p>\n<p>Outra medida decidida na reuni\u00e3o \u00e9 que seja feito um pedido de informa\u00e7\u00f5es ao Executivo sobre as iniciativas e or\u00e7amentos que est\u00e3o sendo contemplados para deficientes. Para isso, os membros da Comiss\u00e3o decidiram pedir informa\u00e7\u00f5es \u00e0s secretarias de Transporte e Tr\u00e2nsito, Educa\u00e7\u00e3o, Sa\u00fade, Esporte, Assist\u00eancia Social e Atividades Urbanas quanto \u00e0s a\u00e7\u00f5es, n\u00famero de usu\u00e1rios, valores destinados e dota\u00e7\u00e3o or\u00e7ament\u00e1ria real e ideal. De acordo com representante do vereador Sargento Mello Casal (PTB), Marilene Rachel, o mapeamento dos projetos e iniciativas p\u00fablicas e privadas de acessibilidade \u00e9 um caminho para que o conselho encontre formas de divulga\u00e7\u00e3o para os que necessitem.<\/p>\n<p>Estiveram presentes na reuni\u00e3o: o vereador Jo\u00e3o Coteca; o representante da Alae, Luiz Hallack; a representante do Programa Diversidade da UFJF, Luciana dos Santos; a representante da secretaria de Educa\u00e7\u00e3o, Andreia de Souza; Jairo Jardins; e a representante do vereador Sargento Mello Casal, Marilene Rachel.<\/p>\n<p>Fonte: CMJF<\/p>\n","protected":false},"excerpt":{"rendered":"<p>\u201cEstamos sendo apagados da pol\u00edtica\u201d. Essa foi uma das constata\u00e7\u00f5es apresentadas durante reuni\u00e3o, nesta segunda-feira, 16, da Comiss\u00e3o dos Direitos da Pessoa com Defici\u00eancia. No encontro, presidido pelo vereador Jo\u00e3o Coteca (PR), foram definidas algumas a\u00e7\u00f5es que poder\u00e3o contribuir para a\u00e7\u00f5es mais efetivas nas quest\u00f5es relacionadas aos direitos das pessoas com defici\u00eancia. A primeira medida [&hellip;]<\/p>\n","protected":false},"author":96,"featured_media":147872,"comment_status":"closed","ping_status":"closed","sticky":false,"template":"","format":"standard","meta":{"footnotes":""},"categories":[253,436,439],"tags":[],"class_list":["post-147874","post","type-post","status-publish","format-standard","has-post-thumbnail","hentry","category-cidade","category-destaque-da-semana","category-ultima-hora"],"_links":{"self":[{"href":"https:\/\/diarioregionaldigital.com.br\/index.php?rest_route=\/wp\/v2\/posts\/147874","targetHints":{"allow":["GET"]}}],"collection":[{"href":"https:\/\/diarioregionaldigital.com.br\/index.php?rest_route=\/wp\/v2\/posts"}],"about":[{"href":"https:\/\/diarioregionaldigital.com.br\/index.php?rest_route=\/wp\/v2\/types\/post"}],"author":[{"embeddable":true,"href":"https:\/\/diarioregionaldigital.com.br\/index.php?rest_route=\/wp\/v2\/users\/96"}],"replies":[{"embeddable":true,"href":"https:\/\/diarioregionaldigital.com.br\/index.php?rest_route=%2Fwp%2Fv2%2Fcomments&post=147874"}],"version-history":[{"count":0,"href":"https:\/\/diarioregionaldigital.com.br\/index.php?rest_route=\/wp\/v2\/posts\/147874\/revisions"}],"wp:featuredmedia":[{"embeddable":true,"href":"https:\/\/diarioregionaldigital.com.br\/index.php?rest_route=\/wp\/v2\/media\/147872"}],"wp:attachment":[{"href":"https:\/\/diarioregionaldigital.com.br\/index.php?rest_route=%2Fwp%2Fv2%2Fmedia&parent=147874"}],"wp:term":[{"taxonomy":"category","embeddable":true,"href":"https:\/\/diarioregionaldigital.com.br\/index.php?rest_route=%2Fwp%2Fv2%2Fcategories&post=147874"},{"taxonomy":"post_tag","embeddable":true,"href":"https:\/\/diarioregionaldigital.com.br\/index.php?rest_route=%2Fwp%2Fv2%2Ftags&post=147874"}],"curies":[{"name":"wp","href":"https:\/\/api.w.org\/{rel}","templated":true}]}}