{"id":147870,"date":"2019-09-17T15:32:14","date_gmt":"2019-09-17T18:32:14","guid":{"rendered":"https:\/\/diarioregionaldigital.com.br\/?p=147870"},"modified":"2019-09-17T15:32:14","modified_gmt":"2019-09-17T18:32:14","slug":"alunos-irao-a-assembleia-legislativa-para-representar-juiz-de-fora","status":"publish","type":"post","link":"https:\/\/diarioregionaldigital.com.br\/?p=147870","title":{"rendered":"Alunos ir\u00e3o \u00e0 Assembleia Legislativa para representar Juiz de Fora"},"content":{"rendered":"<p>Estudantes do Ensino M\u00e9dio de 94 munic\u00edpios ir\u00e3o participar da etapa estadual do projeto Parlamento Jovem (PJ). Os dois alunos que ir\u00e3o representar a C\u00e2mara de Juiz de Fora receberam orienta\u00e7\u00f5es sobre a viagem para Belo Horizonte nesta segunda-feira, 16. O evento, sediado na Assembleia Legislativa de Minas Gerais (ALMG), acontece entre os dias 18 e 20 de setembro.<\/p>\n<p>Juiz de Fora, que participa do projeto desde 2010, pertence ao Polo Regional Zona da Mata II junto com as cidades de Lima Duarte e Santos Dumont. Ao todo, a regi\u00e3o ir\u00e1 enviar seis representantes, que devem defender as propostas aprovadas na Plen\u00e1ria Regional. Este ano, o PJ solicitou que os estudantes elaborassem propostas para combater a discrimina\u00e7\u00e3o \u00e9tnico-racial.<\/p>\n<p>Em reuni\u00e3o com os representantes de Juiz de Fora, o coordenador do PJ no Polo Regional, S\u00e9rgio Dutra, explicou a programa\u00e7\u00e3o da etapa estadual. \u201cNa quarta-feira, depois de deixar as bagagens no hotel, acontece o credenciamento na Assembleia e em seguida, um momento de entrosamento entre os estudantes de todas as cidades\u201d, diz. J\u00e1 na quinta-feira, 19, \u00e9 decidido qual ser\u00e1 o tema para a edi\u00e7\u00e3o 2020 do PJ. O tema sugerido pelos estudantes do Polo Regional ser\u00e1 LGBTQ+Fobia.<\/p>\n<p>Al\u00e9m disso, na quinta-feira os alunos j\u00e1 come\u00e7am as discuss\u00f5es sobre as propostas. \u201cEles s\u00e3o divididos em grupos de trabalho, separados em tr\u00eas subtemas para facilitar a comunica\u00e7\u00e3o: desigualdade socioecon\u00f4mica; viol\u00eancia por motivos \u00e9tnico-raciais; e direito \u00e0 identidade e diversidade cultural. Nos grupos de trabalho eles podem modificar, juntar ou at\u00e9 excluir as propostas\u201d, explica S\u00e9rgio.<\/p>\n<p>As propostas modificadas ser\u00e3o submetidas \u00e0 vota\u00e7\u00e3o na Plen\u00e1ria Estadual, na sexta-feira, 20. Os projetos que foram aprovados ser\u00e3o encaminhados \u00e0 Comiss\u00e3o de Participa\u00e7\u00e3o Popular da ALMG e podem tramitar na C\u00e2mara de Deputados como projetos de lei. Para acompanhar a Plen\u00e1ria Regional, alunos que participaram da etapa regional do PJ ir\u00e3o embarcar para Belo Horizonte no dia do evento.<\/p>\n<p>Em Juiz de Fora, est\u00e3o participando do projeto cinco institui\u00e7\u00f5es de ensino:\u00a0 os col\u00e9gios Jesu\u00edtas, Nossa Senhora do Carmo e Tiradentes; e as escolas estaduais Dilermando Costa Cruz e Henrique Burnier.<\/p>\n<p><strong>Conhecendo as propostas\u00a0<\/strong><\/p>\n<p>Com o intuito de familiarizar os estudantes com as propostas que ser\u00e3o discutidas na Plen\u00e1ria Estadual, a C\u00e2mara de Juiz de Fora realizou um encontro na \u00faltima sexta-feira, 13, no Col\u00e9gio Tiradentes. Cerca de 50 estudantes estiveram presentes e tiveram a oportunidade de analisar as propostas aprovadas nos 16 polos regionais.<\/p>\n<p>O estudante Jo\u00e3o Victor, do Col\u00e9gio do Carmo, ir\u00e1 representar Juiz de Fora na etapa estadual e conta que o Encontro foi importante. \u201cFoi muito bom para ter um primeiro contato com as propostas que ser\u00e3o debatidas e para j\u00e1 pensar em argumentos. al\u00e9m de ouvir a sugest\u00e3o dos outros estudantes que participaram\u201d, ressalta.<\/p>\n<p>Na Plen\u00e1ria Regional, em Juiz de Fora, foram aprovadas propostas como a cria\u00e7\u00e3o de um projeto que forne\u00e7a aulas extras para alunos de baixa renda que desejam fazer vestibular; a obrigatoriedade de contratar psic\u00f3logos que atuem nas escolas com alunos v\u00edtimas de bullying e cyberbullying; e a cria\u00e7\u00e3o de feiras que promovam eventos de valoriza\u00e7\u00e3o da hist\u00f3ria e cultura de minorias \u00e9tnico-raciais.<\/p>\n<p>Fonte: CMJF<\/p>\n","protected":false},"excerpt":{"rendered":"<p>Estudantes do Ensino M\u00e9dio de 94 munic\u00edpios ir\u00e3o participar da etapa estadual do projeto Parlamento Jovem (PJ). Os dois alunos que ir\u00e3o representar a C\u00e2mara de Juiz de Fora receberam orienta\u00e7\u00f5es sobre a viagem para Belo Horizonte nesta segunda-feira, 16. O evento, sediado na Assembleia Legislativa de Minas Gerais (ALMG), acontece entre os dias 18 [&hellip;]<\/p>\n","protected":false},"author":96,"featured_media":147871,"comment_status":"closed","ping_status":"closed","sticky":false,"template":"","format":"standard","meta":{"footnotes":""},"categories":[253,436,439],"tags":[],"class_list":["post-147870","post","type-post","status-publish","format-standard","has-post-thumbnail","hentry","category-cidade","category-destaque-da-semana","category-ultima-hora"],"_links":{"self":[{"href":"https:\/\/diarioregionaldigital.com.br\/index.php?rest_route=\/wp\/v2\/posts\/147870","targetHints":{"allow":["GET"]}}],"collection":[{"href":"https:\/\/diarioregionaldigital.com.br\/index.php?rest_route=\/wp\/v2\/posts"}],"about":[{"href":"https:\/\/diarioregionaldigital.com.br\/index.php?rest_route=\/wp\/v2\/types\/post"}],"author":[{"embeddable":true,"href":"https:\/\/diarioregionaldigital.com.br\/index.php?rest_route=\/wp\/v2\/users\/96"}],"replies":[{"embeddable":true,"href":"https:\/\/diarioregionaldigital.com.br\/index.php?rest_route=%2Fwp%2Fv2%2Fcomments&post=147870"}],"version-history":[{"count":0,"href":"https:\/\/diarioregionaldigital.com.br\/index.php?rest_route=\/wp\/v2\/posts\/147870\/revisions"}],"wp:featuredmedia":[{"embeddable":true,"href":"https:\/\/diarioregionaldigital.com.br\/index.php?rest_route=\/wp\/v2\/media\/147871"}],"wp:attachment":[{"href":"https:\/\/diarioregionaldigital.com.br\/index.php?rest_route=%2Fwp%2Fv2%2Fmedia&parent=147870"}],"wp:term":[{"taxonomy":"category","embeddable":true,"href":"https:\/\/diarioregionaldigital.com.br\/index.php?rest_route=%2Fwp%2Fv2%2Fcategories&post=147870"},{"taxonomy":"post_tag","embeddable":true,"href":"https:\/\/diarioregionaldigital.com.br\/index.php?rest_route=%2Fwp%2Fv2%2Ftags&post=147870"}],"curies":[{"name":"wp","href":"https:\/\/api.w.org\/{rel}","templated":true}]}}