{"id":147861,"date":"2019-09-17T14:41:38","date_gmt":"2019-09-17T17:41:38","guid":{"rendered":"https:\/\/diarioregionaldigital.com.br\/?p=147861"},"modified":"2019-09-17T14:41:38","modified_gmt":"2019-09-17T17:41:38","slug":"balanca-comercial-registra-deficit-na-segunda-semana-do-mes","status":"publish","type":"post","link":"https:\/\/diarioregionaldigital.com.br\/?p=147861","title":{"rendered":"Balan\u00e7a comercial registra d\u00e9ficit na segunda semana do m\u00eas"},"content":{"rendered":"<p>A balan\u00e7a comercial brasileira registrou, na segunda semana de setembro, d\u00e9ficit de US$ 552 milh\u00f5es, segundo dados divulgados nessa segunda-feira (16) pela Secretaria Especial de Com\u00e9rcio Exterior e Assuntos Internacionais do Minist\u00e9rio da Economia. As exporta\u00e7\u00f5es no per\u00edodo de cinco dias \u00fateis chegaram a US$ 4,822 bilh\u00f5es, enquanto as importa\u00e7\u00f5es foram de US$ 5,374 bilh\u00f5es. O saldo corrente \u00e9 de US$ 10,196 bilh\u00f5es.<\/p>\n<p>Na primeira semana do m\u00eas, a balan\u00e7a apresentou sup\u00e9ravit de US$ 1,539 bilh\u00e3o. O saldo negativo se deve em boa parte \u00e0 redu\u00e7\u00e3o de 34,8% na venda de produtos b\u00e1sicos, que ca\u00edram de US$ 539,5 milh\u00f5es para US$ 351,9 milh\u00f5es, por conta de min\u00e9rio de ferro, petr\u00f3leo em bruto, milho em gr\u00e3os, soja em gr\u00e3os e min\u00e9rio de cobre.<\/p>\n<p>Tamb\u00e9m contribuiu para o resultado a redu\u00e7\u00e3o no volume de exporta\u00e7\u00f5es de produtos semimanufaturados de US$ 120,6 milh\u00f5es para US$ 80,1 milh\u00f5es, um recuo de 33,6%, em raz\u00e3o da queda na venda de de semimanufaturados de ferro\/a\u00e7o, celulose, ferro-ligas, couros e peles, catodos de cobre.<\/p>\n<p>Por outro lado, a m\u00e9dia das exporta\u00e7\u00f5es da segunda semana chegou a US$ 964,4 milh\u00f5es, ficando 1,4% acima da m\u00e9dia de US$ 951,3 milh\u00f5es da primeira semana. O saldo se deve ao aumento de 82,8% nas exporta\u00e7\u00f5es de produtos manufaturados, que passaram de US$ 291,3 milh\u00f5es para US$ 532,5 milh\u00f5es.<\/p>\n<p>As vendas de plataforma de explora\u00e7\u00e3o de petr\u00f3leo, \u00f3xidos e hidr\u00f3xidos de alum\u00ednio, gasolina, ve\u00edculos de carga, coque e betume de petr\u00f3leo impulsionaram o resultado.<\/p>\n<p>\u201cNa compara\u00e7\u00e3o das m\u00e9dias at\u00e9 a segunda semana de setembro de 2019 em rela\u00e7\u00e3o \u00e0s de setembro do ano passado, houve recuo de 5,1% nas exporta\u00e7\u00f5es, de US$ 1,010 bilh\u00e3o para US$ 957,9 milh\u00f5es. As principais redu\u00e7\u00f5es foram nas vendas de produtos semimanufaturados (-31,3%), de US$ 146,1 milh\u00f5es para US$ 100,3 milh\u00f5es, e b\u00e1sicos (-15,2%), de US$ 525,8 milh\u00f5es para US$ 445,7 milh\u00f5es. J\u00e1 as vendas de produtos manufaturados aumentaram 25,2%, de US$ 329,0 milh\u00f5es para US$ 411,9 milh\u00f5es\u201d, informou o Minist\u00e9rio da Economia.<\/p>\n<p>No m\u00eas, as exporta\u00e7\u00f5es somam US$ 9,579 bilh\u00f5es e as importa\u00e7\u00f5es, US$ 8,647 bilh\u00f5es, com saldo positivo de US$ 932 milh\u00f5es. No ano acumulado do ano, as exporta\u00e7\u00f5es totalizam US$ 158,218 bilh\u00f5es e as importa\u00e7\u00f5es, US$ 125,742 bilh\u00f5es, com saldo positivo de US$ 32,475 bilh\u00f5es.<\/p>\n<p>Fonte: Ag\u00eancia Brasil<\/p>\n","protected":false},"excerpt":{"rendered":"<p>A balan\u00e7a comercial brasileira registrou, na segunda semana de setembro, d\u00e9ficit de US$ 552 milh\u00f5es, segundo dados divulgados nessa segunda-feira (16) pela Secretaria Especial de Com\u00e9rcio Exterior e Assuntos Internacionais do Minist\u00e9rio da Economia. As exporta\u00e7\u00f5es no per\u00edodo de cinco dias \u00fateis chegaram a US$ 4,822 bilh\u00f5es, enquanto as importa\u00e7\u00f5es foram de US$ 5,374 bilh\u00f5es. [&hellip;]<\/p>\n","protected":false},"author":96,"featured_media":147862,"comment_status":"closed","ping_status":"closed","sticky":false,"template":"","format":"standard","meta":{"footnotes":""},"categories":[436,261,439],"tags":[],"class_list":["post-147861","post","type-post","status-publish","format-standard","has-post-thumbnail","hentry","category-destaque-da-semana","category-economia","category-ultima-hora"],"_links":{"self":[{"href":"https:\/\/diarioregionaldigital.com.br\/index.php?rest_route=\/wp\/v2\/posts\/147861","targetHints":{"allow":["GET"]}}],"collection":[{"href":"https:\/\/diarioregionaldigital.com.br\/index.php?rest_route=\/wp\/v2\/posts"}],"about":[{"href":"https:\/\/diarioregionaldigital.com.br\/index.php?rest_route=\/wp\/v2\/types\/post"}],"author":[{"embeddable":true,"href":"https:\/\/diarioregionaldigital.com.br\/index.php?rest_route=\/wp\/v2\/users\/96"}],"replies":[{"embeddable":true,"href":"https:\/\/diarioregionaldigital.com.br\/index.php?rest_route=%2Fwp%2Fv2%2Fcomments&post=147861"}],"version-history":[{"count":0,"href":"https:\/\/diarioregionaldigital.com.br\/index.php?rest_route=\/wp\/v2\/posts\/147861\/revisions"}],"wp:featuredmedia":[{"embeddable":true,"href":"https:\/\/diarioregionaldigital.com.br\/index.php?rest_route=\/wp\/v2\/media\/147862"}],"wp:attachment":[{"href":"https:\/\/diarioregionaldigital.com.br\/index.php?rest_route=%2Fwp%2Fv2%2Fmedia&parent=147861"}],"wp:term":[{"taxonomy":"category","embeddable":true,"href":"https:\/\/diarioregionaldigital.com.br\/index.php?rest_route=%2Fwp%2Fv2%2Fcategories&post=147861"},{"taxonomy":"post_tag","embeddable":true,"href":"https:\/\/diarioregionaldigital.com.br\/index.php?rest_route=%2Fwp%2Fv2%2Ftags&post=147861"}],"curies":[{"name":"wp","href":"https:\/\/api.w.org\/{rel}","templated":true}]}}