{"id":147858,"date":"2019-09-17T14:10:47","date_gmt":"2019-09-17T17:10:47","guid":{"rendered":"https:\/\/diarioregionaldigital.com.br\/?p=147858"},"modified":"2019-09-17T14:10:47","modified_gmt":"2019-09-17T17:10:47","slug":"estimativa-da-conab-indica-reducao-de-205-na-safra-de-cafe-este-ano","status":"publish","type":"post","link":"https:\/\/diarioregionaldigital.com.br\/?p=147858","title":{"rendered":"Estimativa da Conab indica redu\u00e7\u00e3o de 20,5% na safra de caf\u00e9 este ano"},"content":{"rendered":"<p>A safra de caf\u00e9 este ano sofrer\u00e1 uma redu\u00e7\u00e3o de 20,5 em rela\u00e7\u00e3o a 2018. De acordo com a Companhia Nacional de Abastecimento (Conab), a estimativa \u00e9 alcan\u00e7ar 48,99 milh\u00f5es de sacas. Os dados est\u00e3o no 3\u00ba levantamento da safra de caf\u00e9, divulgado nesta ter\u00e7a-feira (17).<\/p>\n<p>Segundo a Conab, a diminui\u00e7\u00e3o \u00e9 influenciada pela bienalidade negativa, quando os produtores aproveitam para realizar tratos culturais nas lavouras, reduzindo a \u00e1rea em produ\u00e7\u00e3o; e pelas condi\u00e7\u00f5es clim\u00e1ticas.<\/p>\n<div class=\"dnd-atom-rendered\">\n<p>\u201cOs cafezais sofreram ainda a incid\u00eancia de altas temperaturas, ao mesmo tempo em que o ciclo vegetativo sentiu a falta de chuvas em um per\u00edodo importante do desenvolvimento da cultura, o que fez com as estimativas de rendimento m\u00e9dio fossem ainda menores\u201d, informou a companhia.<\/p>\n<p>A Conab ressaltou que os n\u00fameros da safra influenciaram inclusive nas exporta\u00e7\u00f5es brasileiras, que tamb\u00e9m retra\u00edram. Em agosto, atingiram cerca de 3,2 milh\u00f5es de sacas de 60 kg, o que representa uma queda de 9,5% em rela\u00e7\u00e3o ao mesmo per\u00edodo de 2018.<\/p>\n<\/div>\n<p>Fonte: Ag\u00eancia Brasil<\/p>\n","protected":false},"excerpt":{"rendered":"<p>A safra de caf\u00e9 este ano sofrer\u00e1 uma redu\u00e7\u00e3o de 20,5 em rela\u00e7\u00e3o a 2018. De acordo com a Companhia Nacional de Abastecimento (Conab), a estimativa \u00e9 alcan\u00e7ar 48,99 milh\u00f5es de sacas. Os dados est\u00e3o no 3\u00ba levantamento da safra de caf\u00e9, divulgado nesta ter\u00e7a-feira (17). Segundo a Conab, a diminui\u00e7\u00e3o \u00e9 influenciada pela bienalidade [&hellip;]<\/p>\n","protected":false},"author":96,"featured_media":147859,"comment_status":"closed","ping_status":"closed","sticky":false,"template":"","format":"standard","meta":{"footnotes":""},"categories":[436,261,439],"tags":[],"class_list":["post-147858","post","type-post","status-publish","format-standard","has-post-thumbnail","hentry","category-destaque-da-semana","category-economia","category-ultima-hora"],"_links":{"self":[{"href":"https:\/\/diarioregionaldigital.com.br\/index.php?rest_route=\/wp\/v2\/posts\/147858","targetHints":{"allow":["GET"]}}],"collection":[{"href":"https:\/\/diarioregionaldigital.com.br\/index.php?rest_route=\/wp\/v2\/posts"}],"about":[{"href":"https:\/\/diarioregionaldigital.com.br\/index.php?rest_route=\/wp\/v2\/types\/post"}],"author":[{"embeddable":true,"href":"https:\/\/diarioregionaldigital.com.br\/index.php?rest_route=\/wp\/v2\/users\/96"}],"replies":[{"embeddable":true,"href":"https:\/\/diarioregionaldigital.com.br\/index.php?rest_route=%2Fwp%2Fv2%2Fcomments&post=147858"}],"version-history":[{"count":0,"href":"https:\/\/diarioregionaldigital.com.br\/index.php?rest_route=\/wp\/v2\/posts\/147858\/revisions"}],"wp:featuredmedia":[{"embeddable":true,"href":"https:\/\/diarioregionaldigital.com.br\/index.php?rest_route=\/wp\/v2\/media\/147859"}],"wp:attachment":[{"href":"https:\/\/diarioregionaldigital.com.br\/index.php?rest_route=%2Fwp%2Fv2%2Fmedia&parent=147858"}],"wp:term":[{"taxonomy":"category","embeddable":true,"href":"https:\/\/diarioregionaldigital.com.br\/index.php?rest_route=%2Fwp%2Fv2%2Fcategories&post=147858"},{"taxonomy":"post_tag","embeddable":true,"href":"https:\/\/diarioregionaldigital.com.br\/index.php?rest_route=%2Fwp%2Fv2%2Ftags&post=147858"}],"curies":[{"name":"wp","href":"https:\/\/api.w.org\/{rel}","templated":true}]}}