{"id":147839,"date":"2019-09-17T06:00:07","date_gmt":"2019-09-17T09:00:07","guid":{"rendered":"https:\/\/diarioregionaldigital.com.br\/?p=147839"},"modified":"2019-09-16T19:07:47","modified_gmt":"2019-09-16T22:07:47","slug":"sucesso-total-3","status":"publish","type":"post","link":"https:\/\/diarioregionaldigital.com.br\/?p=147839","title":{"rendered":"Sucesso Total"},"content":{"rendered":"<p style=\"text-align: center;\"><strong>Meio Ambiente<\/strong><\/p>\n<p style=\"text-align: center;\">Juntando doses de otimismo, foi muito proveitoso a realiza\u00e7\u00e3o do V Semin\u00e1rio de Meio Ambiente e Biosseguran\u00e7a organizado pela Faculdade de Engenharia da UFJF e o Campo de instru\u00e7\u00e3o e Centro de Educa\u00e7\u00e3o Ambiental de Cultura de Juiz de Fora do Ex\u00e9rcito. O evento foi gratuito e aberto ao p\u00fablico abordando em forma de palestras e mesas redondas tem\u00e1ticas como gest\u00e3o ambiental, bioterrorismo e pluviometria.<\/p>\n<p style=\"text-align: center;\"><strong>Leitura<\/strong><\/p>\n<p style=\"text-align: center;\">Tiradentes (MG) est\u00e1 fervendo arte e cultura em setembro. Semana passada, a ruandesa Sholastique Mukasonga participou da 8\u00aa edi\u00e7\u00e3o do Festival internacional de Artes de Tiradentes. Ela vive na Fran\u00e7a e no festival fez leitura dos trechos do romance memorialista \u201cA mulher de p\u00e9s descal\u00e7os\u201d.<\/p>\n<p style=\"text-align: center;\"><strong>Sucesso Total<\/strong><\/p>\n<p style=\"text-align: center;\">Usando como cen\u00e1rio o Teatro Clara Nunes, no Sesc, em uma tarde inspirada, a pesquisadora Maristela Rocha fez uma bela palestra sobre o centen\u00e1rio de nascimento do compositor Claudio Santoro. O convite foi da coordenadora do Novo Grupo de Amizade, Regina Tostes.<\/p>\n<p style=\"text-align: center;\"><strong>No Feminino<\/strong><\/p>\n<p style=\"text-align: center;\">Contabilizando muita inspira\u00e7\u00e3o, o Grupo Mood Desenvolvimento e Orienta\u00e7\u00e3o Pessoal vai promover no pr\u00f3ximo dia 21, na Vila Container, o \u2018Workshop\u2019 Mulheres que Inspiram. Exclusivo para o p\u00fablico feminino, as palestras v\u00e3o focalizar \u2018case\u2019 de sucesso com a proposta de despertar um novo estilo de vida. Coordenado por Soraya Okano Preste e Werica Matheus, ter\u00e1 como uma das participantes cabe\u00e7a de chave, Elis\u00e2ngela Nogueira (leia-se Nogueira Im\u00f3veis).<\/p>\n<div id=\"attachment_147804\" style=\"width: 690px\" class=\"wp-caption aligncenter\"><img loading=\"lazy\" decoding=\"async\" aria-describedby=\"caption-attachment-147804\" class=\"wp-image-147804\" src=\"https:\/\/diarioregionaldigital.com.br\/wp-content\/uploads\/2019\/09\/fotoa-10-e1568670985703.jpg\" alt=\"\" width=\"680\" height=\"538\" srcset=\"https:\/\/diarioregionaldigital.com.br\/wp-content\/uploads\/2019\/09\/fotoa-10-e1568670985703.jpg 1179w, https:\/\/diarioregionaldigital.com.br\/wp-content\/uploads\/2019\/09\/fotoa-10-e1568670985703-300x237.jpg 300w, https:\/\/diarioregionaldigital.com.br\/wp-content\/uploads\/2019\/09\/fotoa-10-e1568670985703-768x607.jpg 768w, https:\/\/diarioregionaldigital.com.br\/wp-content\/uploads\/2019\/09\/fotoa-10-e1568670985703-1024x809.jpg 1024w, https:\/\/diarioregionaldigital.com.br\/wp-content\/uploads\/2019\/09\/fotoa-10-e1568670985703-360x285.jpg 360w\" sizes=\"auto, (max-width: 680px) 100vw, 680px\" \/><p id=\"caption-attachment-147804\" class=\"wp-caption-text\">Mineiro de Cataguases, o belo modelo Magdiel Rodrigues brilhando na Semana de Moda de Nova York vestindo Son Jung Wan<\/p><\/div>\n<div id=\"attachment_147805\" style=\"width: 690px\" class=\"wp-caption aligncenter\"><img loading=\"lazy\" decoding=\"async\" aria-describedby=\"caption-attachment-147805\" class=\"wp-image-147805\" src=\"https:\/\/diarioregionaldigital.com.br\/wp-content\/uploads\/2019\/09\/fotob-10-e1568671010252.jpg\" alt=\"\" width=\"680\" height=\"765\" srcset=\"https:\/\/diarioregionaldigital.com.br\/wp-content\/uploads\/2019\/09\/fotob-10-e1568671010252.jpg 1164w, https:\/\/diarioregionaldigital.com.br\/wp-content\/uploads\/2019\/09\/fotob-10-e1568671010252-267x300.jpg 267w, https:\/\/diarioregionaldigital.com.br\/wp-content\/uploads\/2019\/09\/fotob-10-e1568671010252-768x864.jpg 768w, https:\/\/diarioregionaldigital.com.br\/wp-content\/uploads\/2019\/09\/fotob-10-e1568671010252-911x1024.jpg 911w, https:\/\/diarioregionaldigital.com.br\/wp-content\/uploads\/2019\/09\/fotob-10-e1568671010252-360x405.jpg 360w\" sizes=\"auto, (max-width: 680px) 100vw, 680px\" \/><p id=\"caption-attachment-147805\" class=\"wp-caption-text\">Linda e loura, Mel Mattos circula no meio jovem desfilando e encantando<\/p><\/div>\n<div id=\"attachment_147806\" style=\"width: 690px\" class=\"wp-caption aligncenter\"><img loading=\"lazy\" decoding=\"async\" aria-describedby=\"caption-attachment-147806\" class=\"wp-image-147806\" src=\"https:\/\/diarioregionaldigital.com.br\/wp-content\/uploads\/2019\/09\/fotoc-9-e1568671039418.jpg\" alt=\"\" width=\"680\" height=\"652\" srcset=\"https:\/\/diarioregionaldigital.com.br\/wp-content\/uploads\/2019\/09\/fotoc-9-e1568671039418.jpg 1170w, https:\/\/diarioregionaldigital.com.br\/wp-content\/uploads\/2019\/09\/fotoc-9-e1568671039418-300x288.jpg 300w, https:\/\/diarioregionaldigital.com.br\/wp-content\/uploads\/2019\/09\/fotoc-9-e1568671039418-768x736.jpg 768w, https:\/\/diarioregionaldigital.com.br\/wp-content\/uploads\/2019\/09\/fotoc-9-e1568671039418-1024x982.jpg 1024w, https:\/\/diarioregionaldigital.com.br\/wp-content\/uploads\/2019\/09\/fotoc-9-e1568671039418-360x345.jpg 360w\" sizes=\"auto, (max-width: 680px) 100vw, 680px\" \/><p id=\"caption-attachment-147806\" class=\"wp-caption-text\">O rosto do momento em JF com a sintonia plena do projetista Anderson (Dim) Coimbra da Costa<\/p><\/div>\n<div id=\"attachment_147807\" style=\"width: 690px\" class=\"wp-caption aligncenter\"><img loading=\"lazy\" decoding=\"async\" aria-describedby=\"caption-attachment-147807\" class=\"wp-image-147807\" src=\"https:\/\/diarioregionaldigital.com.br\/wp-content\/uploads\/2019\/09\/fotod-9.jpg\" alt=\"\" width=\"680\" height=\"449\" srcset=\"https:\/\/diarioregionaldigital.com.br\/wp-content\/uploads\/2019\/09\/fotod-9.jpg 1764w, https:\/\/diarioregionaldigital.com.br\/wp-content\/uploads\/2019\/09\/fotod-9-300x198.jpg 300w, https:\/\/diarioregionaldigital.com.br\/wp-content\/uploads\/2019\/09\/fotod-9-768x507.jpg 768w, https:\/\/diarioregionaldigital.com.br\/wp-content\/uploads\/2019\/09\/fotod-9-1024x676.jpg 1024w, https:\/\/diarioregionaldigital.com.br\/wp-content\/uploads\/2019\/09\/fotod-9-1440x950.jpg 1440w, https:\/\/diarioregionaldigital.com.br\/wp-content\/uploads\/2019\/09\/fotod-9-360x238.jpg 360w\" sizes=\"auto, (max-width: 680px) 100vw, 680px\" \/><p id=\"caption-attachment-147807\" class=\"wp-caption-text\">Os jovens grandes mestres da Odontologia 2019, Gustavo Cruz, M\u00e1rcio Maia e Fernando Goulart Cruz<\/p><\/div>\n<div id=\"attachment_147808\" style=\"width: 690px\" class=\"wp-caption aligncenter\"><img loading=\"lazy\" decoding=\"async\" aria-describedby=\"caption-attachment-147808\" class=\"wp-image-147808\" src=\"https:\/\/diarioregionaldigital.com.br\/wp-content\/uploads\/2019\/09\/fotoe-9-e1568671068709.jpg\" alt=\"\" width=\"680\" height=\"574\" srcset=\"https:\/\/diarioregionaldigital.com.br\/wp-content\/uploads\/2019\/09\/fotoe-9-e1568671068709.jpg 1169w, https:\/\/diarioregionaldigital.com.br\/wp-content\/uploads\/2019\/09\/fotoe-9-e1568671068709-300x253.jpg 300w, https:\/\/diarioregionaldigital.com.br\/wp-content\/uploads\/2019\/09\/fotoe-9-e1568671068709-768x648.jpg 768w, https:\/\/diarioregionaldigital.com.br\/wp-content\/uploads\/2019\/09\/fotoe-9-e1568671068709-1024x864.jpg 1024w, https:\/\/diarioregionaldigital.com.br\/wp-content\/uploads\/2019\/09\/fotoe-9-e1568671068709-360x304.jpg 360w\" sizes=\"auto, (max-width: 680px) 100vw, 680px\" \/><p id=\"caption-attachment-147808\" class=\"wp-caption-text\">Despedindo do inverno by Candy, as irm\u00e3s Nayane Neto e Nayara Neto<\/p><\/div>\n<div id=\"attachment_147809\" style=\"width: 690px\" class=\"wp-caption aligncenter\"><img loading=\"lazy\" decoding=\"async\" aria-describedby=\"caption-attachment-147809\" class=\"wp-image-147809\" src=\"https:\/\/diarioregionaldigital.com.br\/wp-content\/uploads\/2019\/09\/fotof-10.jpg\" alt=\"\" width=\"680\" height=\"453\" srcset=\"https:\/\/diarioregionaldigital.com.br\/wp-content\/uploads\/2019\/09\/fotof-10.jpg 1764w, https:\/\/diarioregionaldigital.com.br\/wp-content\/uploads\/2019\/09\/fotof-10-300x200.jpg 300w, https:\/\/diarioregionaldigital.com.br\/wp-content\/uploads\/2019\/09\/fotof-10-768x512.jpg 768w, https:\/\/diarioregionaldigital.com.br\/wp-content\/uploads\/2019\/09\/fotof-10-1024x683.jpg 1024w, https:\/\/diarioregionaldigital.com.br\/wp-content\/uploads\/2019\/09\/fotof-10-360x240.jpg 360w\" sizes=\"auto, (max-width: 680px) 100vw, 680px\" \/><p id=\"caption-attachment-147809\" class=\"wp-caption-text\">Gente querida em fam\u00edlia, Ros\u00e2ngela Nascimento, Andre Luiz Almeida Silva, Marcella Nascimento e Gustavo Mattos<\/p><\/div>\n<div id=\"attachment_147810\" style=\"width: 690px\" class=\"wp-caption aligncenter\"><img loading=\"lazy\" decoding=\"async\" aria-describedby=\"caption-attachment-147810\" class=\"wp-image-147810\" src=\"https:\/\/diarioregionaldigital.com.br\/wp-content\/uploads\/2019\/09\/fotog-10-e1568671103545.jpg\" alt=\"\" width=\"680\" height=\"500\" srcset=\"https:\/\/diarioregionaldigital.com.br\/wp-content\/uploads\/2019\/09\/fotog-10-e1568671103545.jpg 1176w, https:\/\/diarioregionaldigital.com.br\/wp-content\/uploads\/2019\/09\/fotog-10-e1568671103545-300x221.jpg 300w, https:\/\/diarioregionaldigital.com.br\/wp-content\/uploads\/2019\/09\/fotog-10-e1568671103545-768x565.jpg 768w, https:\/\/diarioregionaldigital.com.br\/wp-content\/uploads\/2019\/09\/fotog-10-e1568671103545-1024x753.jpg 1024w, https:\/\/diarioregionaldigital.com.br\/wp-content\/uploads\/2019\/09\/fotog-10-e1568671103545-360x265.jpg 360w\" sizes=\"auto, (max-width: 680px) 100vw, 680px\" \/><p id=\"caption-attachment-147810\" class=\"wp-caption-text\">Fazendo pit stop na Vag\u00e3o de Pizza, Jos\u00e9 S\u00f3ter de Figueiroa, Val\u00e9ria Elias e Ana Paula Brand\u00e3o<\/p><\/div>\n<div id=\"attachment_147811\" style=\"width: 690px\" class=\"wp-caption aligncenter\"><img loading=\"lazy\" decoding=\"async\" aria-describedby=\"caption-attachment-147811\" class=\"wp-image-147811\" src=\"https:\/\/diarioregionaldigital.com.br\/wp-content\/uploads\/2019\/09\/fotoh-10-e1568671130322.jpg\" alt=\"\" width=\"680\" height=\"554\" srcset=\"https:\/\/diarioregionaldigital.com.br\/wp-content\/uploads\/2019\/09\/fotoh-10-e1568671130322.jpg 1173w, https:\/\/diarioregionaldigital.com.br\/wp-content\/uploads\/2019\/09\/fotoh-10-e1568671130322-300x244.jpg 300w, https:\/\/diarioregionaldigital.com.br\/wp-content\/uploads\/2019\/09\/fotoh-10-e1568671130322-768x625.jpg 768w, https:\/\/diarioregionaldigital.com.br\/wp-content\/uploads\/2019\/09\/fotoh-10-e1568671130322-1024x834.jpg 1024w, https:\/\/diarioregionaldigital.com.br\/wp-content\/uploads\/2019\/09\/fotoh-10-e1568671130322-220x180.jpg 220w, https:\/\/diarioregionaldigital.com.br\/wp-content\/uploads\/2019\/09\/fotoh-10-e1568671130322-360x293.jpg 360w\" sizes=\"auto, (max-width: 680px) 100vw, 680px\" \/><p id=\"caption-attachment-147811\" class=\"wp-caption-text\">No Parque de Exposi\u00e7\u00f5es no J\u00f3quei Clube, Isabela Neves e Ant\u00f4nio de Paula Jun\u00e3o<\/p><\/div>\n<div id=\"attachment_147812\" style=\"width: 690px\" class=\"wp-caption aligncenter\"><img loading=\"lazy\" decoding=\"async\" aria-describedby=\"caption-attachment-147812\" class=\"wp-image-147812\" src=\"https:\/\/diarioregionaldigital.com.br\/wp-content\/uploads\/2019\/09\/fotoi-9-e1568671162482.jpg\" alt=\"\" width=\"680\" height=\"529\" srcset=\"https:\/\/diarioregionaldigital.com.br\/wp-content\/uploads\/2019\/09\/fotoi-9-e1568671162482.jpg 1167w, https:\/\/diarioregionaldigital.com.br\/wp-content\/uploads\/2019\/09\/fotoi-9-e1568671162482-300x233.jpg 300w, https:\/\/diarioregionaldigital.com.br\/wp-content\/uploads\/2019\/09\/fotoi-9-e1568671162482-768x597.jpg 768w, https:\/\/diarioregionaldigital.com.br\/wp-content\/uploads\/2019\/09\/fotoi-9-e1568671162482-1024x796.jpg 1024w, https:\/\/diarioregionaldigital.com.br\/wp-content\/uploads\/2019\/09\/fotoi-9-e1568671162482-360x280.jpg 360w\" sizes=\"auto, (max-width: 680px) 100vw, 680px\" \/><p id=\"caption-attachment-147812\" class=\"wp-caption-text\">Mulheres de arte e cultura, Nequitz Miguel e Marcinha Falabella<\/p><\/div>\n<div id=\"attachment_147813\" style=\"width: 690px\" class=\"wp-caption aligncenter\"><img loading=\"lazy\" decoding=\"async\" aria-describedby=\"caption-attachment-147813\" class=\"wp-image-147813\" src=\"https:\/\/diarioregionaldigital.com.br\/wp-content\/uploads\/2019\/09\/fotoj-9-e1568671190882.jpg\" alt=\"\" width=\"680\" height=\"675\" srcset=\"https:\/\/diarioregionaldigital.com.br\/wp-content\/uploads\/2019\/09\/fotoj-9-e1568671190882.jpg 1164w, https:\/\/diarioregionaldigital.com.br\/wp-content\/uploads\/2019\/09\/fotoj-9-e1568671190882-150x150.jpg 150w, https:\/\/diarioregionaldigital.com.br\/wp-content\/uploads\/2019\/09\/fotoj-9-e1568671190882-300x298.jpg 300w, https:\/\/diarioregionaldigital.com.br\/wp-content\/uploads\/2019\/09\/fotoj-9-e1568671190882-768x762.jpg 768w, https:\/\/diarioregionaldigital.com.br\/wp-content\/uploads\/2019\/09\/fotoj-9-e1568671190882-1024x1016.jpg 1024w, https:\/\/diarioregionaldigital.com.br\/wp-content\/uploads\/2019\/09\/fotoj-9-e1568671190882-180x180.jpg 180w, https:\/\/diarioregionaldigital.com.br\/wp-content\/uploads\/2019\/09\/fotoj-9-e1568671190882-120x120.jpg 120w, https:\/\/diarioregionaldigital.com.br\/wp-content\/uploads\/2019\/09\/fotoj-9-e1568671190882-360x357.jpg 360w, https:\/\/diarioregionaldigital.com.br\/wp-content\/uploads\/2019\/09\/fotoj-9-e1568671190882-80x80.jpg 80w\" sizes=\"auto, (max-width: 680px) 100vw, 680px\" \/><p id=\"caption-attachment-147813\" class=\"wp-caption-text\">No \u00c1gua Santa no evento Tropa de Elite da Dynamo, Thenner Freitas e Alberto Ribeiro Mendes<\/p><\/div>\n<div id=\"attachment_147814\" style=\"width: 690px\" class=\"wp-caption aligncenter\"><img loading=\"lazy\" decoding=\"async\" aria-describedby=\"caption-attachment-147814\" class=\"wp-image-147814\" src=\"https:\/\/diarioregionaldigital.com.br\/wp-content\/uploads\/2019\/09\/fotol-7.jpg\" alt=\"\" width=\"680\" height=\"451\" srcset=\"https:\/\/diarioregionaldigital.com.br\/wp-content\/uploads\/2019\/09\/fotol-7.jpg 1764w, https:\/\/diarioregionaldigital.com.br\/wp-content\/uploads\/2019\/09\/fotol-7-300x199.jpg 300w, https:\/\/diarioregionaldigital.com.br\/wp-content\/uploads\/2019\/09\/fotol-7-768x509.jpg 768w, https:\/\/diarioregionaldigital.com.br\/wp-content\/uploads\/2019\/09\/fotol-7-1024x679.jpg 1024w, https:\/\/diarioregionaldigital.com.br\/wp-content\/uploads\/2019\/09\/fotol-7-360x239.jpg 360w\" sizes=\"auto, (max-width: 680px) 100vw, 680px\" \/><p id=\"caption-attachment-147814\" class=\"wp-caption-text\">Domingo na fazenda com os elegantes irm\u00e3os, Eduardo, Henrique e Elizabeth Neto<\/p><\/div>\n<p style=\"text-align: center;\"><strong>FOTOSS\u00cdNTESE<\/strong><\/p>\n<p>Arquitetos e designs estrelados da cidade est\u00e3o mostrando tend\u00eancia e estilo na 2\u00ba Mostra de Ambientes dentro do Conceito Sier. Dentre eles: Raquel Fraga, Claudio de Landa, Priscila Passos, Liliane Barreto, Sarah Moraes, Aline Vanelli e Mois\u00e9s Veriato. Est\u00e1 o luxo!<\/p>\n<p>Retornando de S\u00e3o Paulo, a pediatra M\u00e1rcia Mizrahy. Participou de 22\u00ba Simp\u00f3sio Internacional de Neanatologia.<\/p>\n<p>A cantora Ana Cl\u00e1udia vai apresentar o espet\u00e1culo Mem\u00f3rias do R\u00e1dio, no dia 21 de setembro, \u00e0s 19h30, no teatro Paschoal Carlos Magno.<\/p>\n<p>No Emp\u00f3rio Artesanal faz sucesso o Rod\u00edzio de Fondue. Tradicional bar na entrada do Aeroporto, oferece esta especialidade \u00e0s quintas e domingos.<\/p>\n<p>Na ter\u00e7a-feira (17), tem Festival de Sabores na Costelaria do Z\u00e9, no t\u00e9rreo do Trade Hotel. Imperd\u00edvel.<\/p>\n<p>Gui Schr\u00f6der avisa que o Privil\u00e8ge vai estremecer no dia 21 de setembro, \u00e0s 23h, com o som eletrizante do Santo Beat. Os DJ\u2019s residentes s\u00e3o Sandro Velente e Marquinhos SP.<\/p>\n<p>As elegantes Florinha Carmo, M\u00f4nica Gomide Guimar\u00e3es e Heliana Aglio est\u00e3o retornando da Gr\u00e9cia. J\u00e1 Luciane Ribeiro, de Berlim.<\/p>\n<p>De forma clara e objetiva o jornalista e mestrando em Comunica\u00e7\u00e3o pela UFJF, Gustavo Pereira, em recente publica\u00e7\u00e3o, mostrou com seu talento em artigo sobre como Juiz de Fora poderia ser representada e reportada para o pa\u00eds. Aplausos.<\/p>\n<p>Leva o nome do Radialista Jos\u00e9 Vicente de Barros a al\u00e7a do viaduto Itamar Franco que foi inaugurada pelo prefeito Ant\u00f4nio Almas.<\/p>\n<p>Recadinho: \u201cA a\u00e7\u00e3o da censura remete o pa\u00eds a um tempo de intoler\u00e2ncia e incivilidade que superamos h\u00e1 muitos anos e que a maioria dos brasileiros n\u00e3o deseja que volta a nos assombrar\u201d. (Associa\u00e7\u00e3o Nacional de Editores de Revistas). Bom dia.<\/p>\n<p><img loading=\"lazy\" decoding=\"async\" class=\"aligncenter size-full wp-image-147841\" src=\"https:\/\/diarioregionaldigital.com.br\/wp-content\/uploads\/2019\/09\/anuncio26-1.jpg\" alt=\"\" width=\"1749\" height=\"666\" srcset=\"https:\/\/diarioregionaldigital.com.br\/wp-content\/uploads\/2019\/09\/anuncio26-1.jpg 1749w, https:\/\/diarioregionaldigital.com.br\/wp-content\/uploads\/2019\/09\/anuncio26-1-300x114.jpg 300w, https:\/\/diarioregionaldigital.com.br\/wp-content\/uploads\/2019\/09\/anuncio26-1-768x292.jpg 768w, https:\/\/diarioregionaldigital.com.br\/wp-content\/uploads\/2019\/09\/anuncio26-1-1024x390.jpg 1024w, https:\/\/diarioregionaldigital.com.br\/wp-content\/uploads\/2019\/09\/anuncio26-1-360x137.jpg 360w\" sizes=\"auto, (max-width: 1749px) 100vw, 1749px\" \/><\/p>\n","protected":false},"excerpt":{"rendered":"<p>Meio Ambiente Juntando doses de otimismo, foi muito proveitoso a realiza\u00e7\u00e3o do V Semin\u00e1rio de Meio Ambiente e Biosseguran\u00e7a organizado pela Faculdade de Engenharia da UFJF e o Campo de instru\u00e7\u00e3o e Centro de Educa\u00e7\u00e3o Ambiental de Cultura de Juiz de Fora do Ex\u00e9rcito. O evento foi gratuito e aberto ao p\u00fablico abordando em forma [&hellip;]<\/p>\n","protected":false},"author":96,"featured_media":147804,"comment_status":"closed","ping_status":"closed","sticky":false,"template":"","format":"standard","meta":{"footnotes":""},"categories":[264],"tags":[],"class_list":["post-147839","post","type-post","status-publish","format-standard","has-post-thumbnail","hentry","category-eduardo-gomes"],"_links":{"self":[{"href":"https:\/\/diarioregionaldigital.com.br\/index.php?rest_route=\/wp\/v2\/posts\/147839","targetHints":{"allow":["GET"]}}],"collection":[{"href":"https:\/\/diarioregionaldigital.com.br\/index.php?rest_route=\/wp\/v2\/posts"}],"about":[{"href":"https:\/\/diarioregionaldigital.com.br\/index.php?rest_route=\/wp\/v2\/types\/post"}],"author":[{"embeddable":true,"href":"https:\/\/diarioregionaldigital.com.br\/index.php?rest_route=\/wp\/v2\/users\/96"}],"replies":[{"embeddable":true,"href":"https:\/\/diarioregionaldigital.com.br\/index.php?rest_route=%2Fwp%2Fv2%2Fcomments&post=147839"}],"version-history":[{"count":0,"href":"https:\/\/diarioregionaldigital.com.br\/index.php?rest_route=\/wp\/v2\/posts\/147839\/revisions"}],"wp:featuredmedia":[{"embeddable":true,"href":"https:\/\/diarioregionaldigital.com.br\/index.php?rest_route=\/wp\/v2\/media\/147804"}],"wp:attachment":[{"href":"https:\/\/diarioregionaldigital.com.br\/index.php?rest_route=%2Fwp%2Fv2%2Fmedia&parent=147839"}],"wp:term":[{"taxonomy":"category","embeddable":true,"href":"https:\/\/diarioregionaldigital.com.br\/index.php?rest_route=%2Fwp%2Fv2%2Fcategories&post=147839"},{"taxonomy":"post_tag","embeddable":true,"href":"https:\/\/diarioregionaldigital.com.br\/index.php?rest_route=%2Fwp%2Fv2%2Ftags&post=147839"}],"curies":[{"name":"wp","href":"https:\/\/api.w.org\/{rel}","templated":true}]}}