{"id":147837,"date":"2019-09-16T19:00:04","date_gmt":"2019-09-16T22:00:04","guid":{"rendered":"https:\/\/diarioregionaldigital.com.br\/?p=147837"},"modified":"2019-09-16T19:00:04","modified_gmt":"2019-09-16T22:00:04","slug":"semana-nacional-do-transito-tem-inicio-nesta-quarta-feira","status":"publish","type":"post","link":"https:\/\/diarioregionaldigital.com.br\/?p=147837","title":{"rendered":"Semana Nacional do Tr\u00e2nsito tem in\u00edcio nesta quarta-feira"},"content":{"rendered":"<p>Nesta quarta-feira, 18, ter\u00e1 in\u00edcio a Semana Nacional do Tr\u00e2nsito (SNT), prevista no C\u00f3digo de Tr\u00e2nsito Brasileiro (CTB), promovida anualmente entre os dias 18 e 25 de setembro. Em Juiz de Fora, a semana \u00e9 organizada pela Secretaria de Transportes e Tr\u00e2nsito (Settra), da Prefeitura de Juiz de Fora (PJF), em parceria com a Comiss\u00e3o Municipal de Seguran\u00e7a e Educa\u00e7\u00e3o no Tr\u00e2nsito (Comset).<\/p>\n<p>Conforme a Settra, a abertura oficial ser\u00e1 \u00e0s 9 horas, no Parque Halfeld, onde haver\u00e1 apresenta\u00e7\u00e3o do Conservat\u00f3rio Estadual de M\u00fasica e do Centro de Conviv\u00eancia do Idoso (CCI). Blitz educativa, palestras, uma campanha de doa\u00e7\u00e3o de sangue em parceria com o Hemominas entre outras atividades, fazem parte da programa\u00e7\u00e3o que pode ser encontrada completa em nosso site.<\/p>\n<p>Na \u00faltima quinta-feira, 12, o Governo Federal lan\u00e7ou a Semana Nacional de Tr\u00e2nsito, apresentando uma campanha voltada para a conscientiza\u00e7\u00e3o da sociedade sobre um tr\u00e2nsito seguro com objetivo reduzir o n\u00famero de acidentes no tr\u00e2nsito. \u00a0Por ano, mais de 35 mil brasileiros s\u00e3o v\u00edtimas de acidentes.<\/p>\n<p>Na ocasi\u00e3o, ministro da Infraestrutura, Tarc\u00edsio Gomes de Freitas, disse que as a\u00e7\u00f5es se enquadram no compromisso assumido pelo pa\u00eds internacionalmente de reduzir, no per\u00edodo de 2011 a 2020, em 50% as mortes causadas por acidentes de tr\u00e2nsito.<\/p>\n<p>Neste ano o tema \u00e9 \u201cNo Tr\u00e2nsito, o Sentido \u00e9 a Vida\u201d e a ideia \u00e9 envolver diretamente a sociedade nas a\u00e7\u00f5es e propor uma reflex\u00e3o sobre uma nova forma de encarar a mobilidade. A Semana Nacional do Tr\u00e2nsito contar\u00e1 com diversas a\u00e7\u00f5es focadas na educa\u00e7\u00e3o de todos os envolvidos no tr\u00e2nsito.<\/p>\n","protected":false},"excerpt":{"rendered":"<p>Nesta quarta-feira, 18, ter\u00e1 in\u00edcio a Semana Nacional do Tr\u00e2nsito (SNT), prevista no C\u00f3digo de Tr\u00e2nsito Brasileiro (CTB), promovida anualmente entre os dias 18 e 25 de setembro. Em Juiz de Fora, a semana \u00e9 organizada pela Secretaria de Transportes e Tr\u00e2nsito (Settra), da Prefeitura de Juiz de Fora (PJF), em parceria com a Comiss\u00e3o [&hellip;]<\/p>\n","protected":false},"author":96,"featured_media":147834,"comment_status":"closed","ping_status":"closed","sticky":false,"template":"","format":"standard","meta":{"footnotes":""},"categories":[253,436,440,439],"tags":[],"class_list":["post-147837","post","type-post","status-publish","format-standard","has-post-thumbnail","hentry","category-cidade","category-destaque-da-semana","category-destaques-do-dia","category-ultima-hora"],"_links":{"self":[{"href":"https:\/\/diarioregionaldigital.com.br\/index.php?rest_route=\/wp\/v2\/posts\/147837","targetHints":{"allow":["GET"]}}],"collection":[{"href":"https:\/\/diarioregionaldigital.com.br\/index.php?rest_route=\/wp\/v2\/posts"}],"about":[{"href":"https:\/\/diarioregionaldigital.com.br\/index.php?rest_route=\/wp\/v2\/types\/post"}],"author":[{"embeddable":true,"href":"https:\/\/diarioregionaldigital.com.br\/index.php?rest_route=\/wp\/v2\/users\/96"}],"replies":[{"embeddable":true,"href":"https:\/\/diarioregionaldigital.com.br\/index.php?rest_route=%2Fwp%2Fv2%2Fcomments&post=147837"}],"version-history":[{"count":0,"href":"https:\/\/diarioregionaldigital.com.br\/index.php?rest_route=\/wp\/v2\/posts\/147837\/revisions"}],"wp:featuredmedia":[{"embeddable":true,"href":"https:\/\/diarioregionaldigital.com.br\/index.php?rest_route=\/wp\/v2\/media\/147834"}],"wp:attachment":[{"href":"https:\/\/diarioregionaldigital.com.br\/index.php?rest_route=%2Fwp%2Fv2%2Fmedia&parent=147837"}],"wp:term":[{"taxonomy":"category","embeddable":true,"href":"https:\/\/diarioregionaldigital.com.br\/index.php?rest_route=%2Fwp%2Fv2%2Fcategories&post=147837"},{"taxonomy":"post_tag","embeddable":true,"href":"https:\/\/diarioregionaldigital.com.br\/index.php?rest_route=%2Fwp%2Fv2%2Ftags&post=147837"}],"curies":[{"name":"wp","href":"https:\/\/api.w.org\/{rel}","templated":true}]}}