{"id":147833,"date":"2019-09-16T18:57:55","date_gmt":"2019-09-16T21:57:55","guid":{"rendered":"https:\/\/diarioregionaldigital.com.br\/?p=147833"},"modified":"2019-09-16T18:57:55","modified_gmt":"2019-09-16T21:57:55","slug":"sds-divulga-lista-dos-nomes-dos-novos-beneficiarios-dobolsa-familia","status":"publish","type":"post","link":"https:\/\/diarioregionaldigital.com.br\/?p=147833","title":{"rendered":"SDS divulga lista dos nomes dos novos benefici\u00e1rios do\u201cBolsa Fam\u00edlia\u201d"},"content":{"rendered":"<p>A Prefeitura de Juiz de Fora (PJF), atrav\u00e9s do Departamento de Transfer\u00eancia de Renda (DTR) da Secretaria de Desenvolvimento Social (SDS), divulgou os nomes dos 32 novos benefici\u00e1rios do programa \u201cBolsa Fam\u00edlia\u201d inclu\u00eddos neste m\u00eas de agosto.<\/p>\n<p>A lista com os nomes dos novos beneficiados est\u00e1 dispon\u00edvel no site da PJF. Segundo os dados, atualmente, 12.529 fam\u00edlias participando do programa no munic\u00edpio.<\/p>\n<p>Para receber o benef\u00edcio \u00e9 preciso comparecer \u00e0 ag\u00eancia da Caixa Econ\u00f4mica Federal, na Avenida Rio Branco, 2.340, Centro, com o N\u00famero de Inscri\u00e7\u00e3o Social (NIS) e documento com foto. O calend\u00e1rio de pagamentos do \u201cBolsa Fam\u00edlia\u201d est\u00e1 dispon\u00edvel para acesso no site da Caixa.<\/p>\n<p>Para participar do programa, os interessados devem se inscrever no Cadastro \u00danico (Cad\u00danico), comparecendo na SDS, Rua Halfeld, 450, 4\u00ba andar, Centro, portando original e c\u00f3pia dos seguintes documentos:<\/p>\n<ul>\n<li>Cadastro de Pessoa F\u00edsica (CPF) e t\u00edtulo de eleitor de todos os adultos da casa;<\/li>\n<li>Carteira de trabalho de todos os adultos da casa;<\/li>\n<li>Certid\u00e3o de nascimento das crian\u00e7as da casa;<\/li>\n<li>Comprovante de renda (contracheque, declara\u00e7\u00e3o ou extrato banc\u00e1rio);<\/li>\n<li>Conta de luz ou telefone;<\/li>\n<li>Declara\u00e7\u00e3o escolar.<\/li>\n<\/ul>\n<p>Al\u00e9m do \u201cBolsa Fam\u00edlia\u201d, com o Cad\u00danico, o participante poder\u00e1 ter acesso a descontos na conta de luz e \u00e1gua e efetuar inscri\u00e7\u00e3o no Curso Preparat\u00f3rio para Concursos (CPC).<\/p>\n","protected":false},"excerpt":{"rendered":"<p>A Prefeitura de Juiz de Fora (PJF), atrav\u00e9s do Departamento de Transfer\u00eancia de Renda (DTR) da Secretaria de Desenvolvimento Social (SDS), divulgou os nomes dos 32 novos benefici\u00e1rios do programa \u201cBolsa Fam\u00edlia\u201d inclu\u00eddos neste m\u00eas de agosto. A lista com os nomes dos novos beneficiados est\u00e1 dispon\u00edvel no site da PJF. Segundo os dados, atualmente, [&hellip;]<\/p>\n","protected":false},"author":96,"featured_media":147835,"comment_status":"closed","ping_status":"closed","sticky":false,"template":"","format":"standard","meta":{"footnotes":""},"categories":[253,436,440,439],"tags":[],"class_list":["post-147833","post","type-post","status-publish","format-standard","has-post-thumbnail","hentry","category-cidade","category-destaque-da-semana","category-destaques-do-dia","category-ultima-hora"],"_links":{"self":[{"href":"https:\/\/diarioregionaldigital.com.br\/index.php?rest_route=\/wp\/v2\/posts\/147833","targetHints":{"allow":["GET"]}}],"collection":[{"href":"https:\/\/diarioregionaldigital.com.br\/index.php?rest_route=\/wp\/v2\/posts"}],"about":[{"href":"https:\/\/diarioregionaldigital.com.br\/index.php?rest_route=\/wp\/v2\/types\/post"}],"author":[{"embeddable":true,"href":"https:\/\/diarioregionaldigital.com.br\/index.php?rest_route=\/wp\/v2\/users\/96"}],"replies":[{"embeddable":true,"href":"https:\/\/diarioregionaldigital.com.br\/index.php?rest_route=%2Fwp%2Fv2%2Fcomments&post=147833"}],"version-history":[{"count":0,"href":"https:\/\/diarioregionaldigital.com.br\/index.php?rest_route=\/wp\/v2\/posts\/147833\/revisions"}],"wp:featuredmedia":[{"embeddable":true,"href":"https:\/\/diarioregionaldigital.com.br\/index.php?rest_route=\/wp\/v2\/media\/147835"}],"wp:attachment":[{"href":"https:\/\/diarioregionaldigital.com.br\/index.php?rest_route=%2Fwp%2Fv2%2Fmedia&parent=147833"}],"wp:term":[{"taxonomy":"category","embeddable":true,"href":"https:\/\/diarioregionaldigital.com.br\/index.php?rest_route=%2Fwp%2Fv2%2Fcategories&post=147833"},{"taxonomy":"post_tag","embeddable":true,"href":"https:\/\/diarioregionaldigital.com.br\/index.php?rest_route=%2Fwp%2Fv2%2Ftags&post=147833"}],"curies":[{"name":"wp","href":"https:\/\/api.w.org\/{rel}","templated":true}]}}