{"id":147829,"date":"2019-09-16T18:21:16","date_gmt":"2019-09-16T21:21:16","guid":{"rendered":"https:\/\/diarioregionaldigital.com.br\/?p=147829"},"modified":"2019-09-16T18:21:16","modified_gmt":"2019-09-16T21:21:16","slug":"desfile-reune-atletas-na-abertura-da-semana-paralimpica","status":"publish","type":"post","link":"https:\/\/diarioregionaldigital.com.br\/?p=147829","title":{"rendered":"Desfile re\u00fane atletas na abertura da \u201cSemana Paral\u00edmpica\u201d"},"content":{"rendered":"<p>A abertura da \u201cSemana Paral\u00edmpica\u201d, um dos dias mais esperados pelos alunos paral\u00edmpicos da Secretaria de Esporte e Lazer (SEL), da Prefeitura de Juiz de Fora, aconteceu na manh\u00e3 do s\u00e1bado, 14. Cerca de 200 pessoas prestigiaram o desfile dos atletas, que marca o in\u00edcio de uma semana de muito esporte. A banda da Pol\u00edcia Militar de Minas Gerais (PMMG) deu o tom da festa, no gin\u00e1sio da SEL.<\/p>\n<p>A manh\u00e3 contou com homenagens e surpresas. A m\u00e3e do atleta Jader Amorim, da nata\u00e7\u00e3o e do atletismo, Vilma Rocha Amorim, agradeceu ao Programa JF Paral\u00edmpico e \u00e0s professoras, relatando a grande melhora do filho, que \u00e9 autista, a partir do envolvimento com o esporte. A aluna-atleta, Mariane da Silva Rocha, colega do Jader em ambas as modalidades, contou sua hist\u00f3ria: \u201cEu vivia assistindo a televis\u00e3o e dentro do quarto. Quando vi meu amigo com medalhas das corridas, tamb\u00e9m quis participar. Hoje, eu emagreci e gosto do esporte. J\u00e1 tenho 52 medalhas e vou ganhar mais\u201d.<\/p>\n<p>A emo\u00e7\u00e3o tomou conta do local, com a apresenta\u00e7\u00e3o musical dos alunos do golbol, Gabriel e Luzia, acompanhados por Wilson, no viol\u00e3o. Em seguida, todos conheceram um pouco sobre o parajiu-jitsu, em apresenta\u00e7\u00e3o da equipe do GF Team. Os alunos do mestre Giovanni entraram depois, animando o p\u00fablico com a capoeira. Para finalizar, as professoras da SEL entraram, convidando os presentes para uma grande festa, com dan\u00e7a e zumba.<\/p>\n<p>O evento contou com a presen\u00e7a do secret\u00e1rio de Esporte e Lazer, Julio Gasparette, do prefeito Ant\u00f4nio Almas, de vereadores da C\u00e2mara Municipal e representantes de entidades parceiras, tais como Grupo Bahamas, Unimed, Unopar, Ortojuf, Escola Estadual \u201cMaria das Dores de Souza\u201d, Sport Club Juiz de Fora, Universidade Federal de Juiz de Fora, entre outras.<\/p>\n<p>&nbsp;<\/p>\n<p><strong>SEMANA PARAL\u00cdMPICA<\/strong><\/p>\n<p>A Semana Paral\u00edmpica \u00e9 um evento promovido pela SEL, atrav\u00e9s da Supervis\u00e3o de Esporte Adaptado, do Departamento de Lazer e Exerc\u00edcio F\u00edsico, com a finalidade de oportunizar um momento de socializa\u00e7\u00e3o, confraterniza\u00e7\u00e3o, motiva\u00e7\u00e3o e de apresenta\u00e7\u00e3o das habilidades esportivas da pessoa com defici\u00eancia.<\/p>\n<p>A Semana Paral\u00edmpica re\u00fane pessoas com defici\u00eancia auditiva, f\u00edsica, intelectual, visual ou m\u00faltipla, alunos(as) deficientes de programas da Secretaria de Esportes e Lazer, de entidades ou de escolas p\u00fablicas e particulares, que queiram participar das modalidades de Atletismo, Bocha, Futebol Paral\u00edmpico, Goalball, Nata\u00e7\u00e3o e Polybat.<\/p>\n<p>Este evento acontece duas vezes ao ano, nos meses de maio e setembro, em comemora\u00e7\u00e3o ao anivers\u00e1rio da cidade e ao m\u00eas da pessoa com defici\u00eancia respectivamente. Nesta edi\u00e7\u00e3o, a novidade ficou por conta da participa\u00e7\u00e3o dos alunos dos \u201cJogos Intercolegiais\u201d, no polybat, atletismo e nata\u00e7\u00e3o.<\/p>\n<p>Fonte: Assessoria<\/p>\n","protected":false},"excerpt":{"rendered":"<p>A abertura da \u201cSemana Paral\u00edmpica\u201d, um dos dias mais esperados pelos alunos paral\u00edmpicos da Secretaria de Esporte e Lazer (SEL), da Prefeitura de Juiz de Fora, aconteceu na manh\u00e3 do s\u00e1bado, 14. Cerca de 200 pessoas prestigiaram o desfile dos atletas, que marca o in\u00edcio de uma semana de muito esporte. A banda da Pol\u00edcia [&hellip;]<\/p>\n","protected":false},"author":96,"featured_media":147826,"comment_status":"closed","ping_status":"closed","sticky":false,"template":"","format":"standard","meta":{"footnotes":""},"categories":[436,257,439],"tags":[],"class_list":["post-147829","post","type-post","status-publish","format-standard","has-post-thumbnail","hentry","category-destaque-da-semana","category-esporte","category-ultima-hora"],"_links":{"self":[{"href":"https:\/\/diarioregionaldigital.com.br\/index.php?rest_route=\/wp\/v2\/posts\/147829","targetHints":{"allow":["GET"]}}],"collection":[{"href":"https:\/\/diarioregionaldigital.com.br\/index.php?rest_route=\/wp\/v2\/posts"}],"about":[{"href":"https:\/\/diarioregionaldigital.com.br\/index.php?rest_route=\/wp\/v2\/types\/post"}],"author":[{"embeddable":true,"href":"https:\/\/diarioregionaldigital.com.br\/index.php?rest_route=\/wp\/v2\/users\/96"}],"replies":[{"embeddable":true,"href":"https:\/\/diarioregionaldigital.com.br\/index.php?rest_route=%2Fwp%2Fv2%2Fcomments&post=147829"}],"version-history":[{"count":0,"href":"https:\/\/diarioregionaldigital.com.br\/index.php?rest_route=\/wp\/v2\/posts\/147829\/revisions"}],"wp:featuredmedia":[{"embeddable":true,"href":"https:\/\/diarioregionaldigital.com.br\/index.php?rest_route=\/wp\/v2\/media\/147826"}],"wp:attachment":[{"href":"https:\/\/diarioregionaldigital.com.br\/index.php?rest_route=%2Fwp%2Fv2%2Fmedia&parent=147829"}],"wp:term":[{"taxonomy":"category","embeddable":true,"href":"https:\/\/diarioregionaldigital.com.br\/index.php?rest_route=%2Fwp%2Fv2%2Fcategories&post=147829"},{"taxonomy":"post_tag","embeddable":true,"href":"https:\/\/diarioregionaldigital.com.br\/index.php?rest_route=%2Fwp%2Fv2%2Ftags&post=147829"}],"curies":[{"name":"wp","href":"https:\/\/api.w.org\/{rel}","templated":true}]}}