{"id":147822,"date":"2019-09-16T18:20:25","date_gmt":"2019-09-16T21:20:25","guid":{"rendered":"https:\/\/diarioregionaldigital.com.br\/?p=147822"},"modified":"2019-09-16T18:20:25","modified_gmt":"2019-09-16T21:20:25","slug":"professores-da-sel-aprendem-sobre-iniciacao-esportiva-no-basquetebol","status":"publish","type":"post","link":"https:\/\/diarioregionaldigital.com.br\/?p=147822","title":{"rendered":"Professores da SEL aprendem sobre inicia\u00e7\u00e3o esportiva no basquetebol"},"content":{"rendered":"<p>A tarde da sexta-feira, 13, foi de aprendizado para professores da Secretaria de Esporte e Lazer (SEL), da Prefeitura de Juiz de Fora (PJF). Na reuni\u00e3o da Associa\u00e7\u00e3o Cultural Arte Vida (Acav), parceira da SEL, o professor Jos\u00e9 Henrique Casarim, falou sobre a modalidade, com \u00eanfase na inicia\u00e7\u00e3o esportiva ao basquetebol profissional.<\/p>\n<p>Foi momento de compartilhar ideias, e os professores discutiram como isso acontece em outras modalidades, tais como futebol de campo, futsal e handebol, em programas como \u201cBom de Bola\u201d e \u201cHer\u00f3is do Futuro\u201d. Os alunos de basquete de Jos\u00e9 Henrique tamb\u00e9m participaram da reuni\u00e3o e falaram sobre suas experi\u00eancias.<\/p>\n<p>Para conhecer os programas esportivos da SEL, acesse www.pjf.mg.gov.br\/secretarias\/sel. As modalidades s\u00e3o oferecidas gratuitamente e abertas para pessoas a partir dos sete anos de idade.<\/p>\n<p>Fonte: Assessoria<\/p>\n","protected":false},"excerpt":{"rendered":"<p>A tarde da sexta-feira, 13, foi de aprendizado para professores da Secretaria de Esporte e Lazer (SEL), da Prefeitura de Juiz de Fora (PJF). Na reuni\u00e3o da Associa\u00e7\u00e3o Cultural Arte Vida (Acav), parceira da SEL, o professor Jos\u00e9 Henrique Casarim, falou sobre a modalidade, com \u00eanfase na inicia\u00e7\u00e3o esportiva ao basquetebol profissional. Foi momento de [&hellip;]<\/p>\n","protected":false},"author":96,"featured_media":147825,"comment_status":"closed","ping_status":"closed","sticky":false,"template":"","format":"standard","meta":{"footnotes":""},"categories":[436,257,439],"tags":[],"class_list":["post-147822","post","type-post","status-publish","format-standard","has-post-thumbnail","hentry","category-destaque-da-semana","category-esporte","category-ultima-hora"],"_links":{"self":[{"href":"https:\/\/diarioregionaldigital.com.br\/index.php?rest_route=\/wp\/v2\/posts\/147822","targetHints":{"allow":["GET"]}}],"collection":[{"href":"https:\/\/diarioregionaldigital.com.br\/index.php?rest_route=\/wp\/v2\/posts"}],"about":[{"href":"https:\/\/diarioregionaldigital.com.br\/index.php?rest_route=\/wp\/v2\/types\/post"}],"author":[{"embeddable":true,"href":"https:\/\/diarioregionaldigital.com.br\/index.php?rest_route=\/wp\/v2\/users\/96"}],"replies":[{"embeddable":true,"href":"https:\/\/diarioregionaldigital.com.br\/index.php?rest_route=%2Fwp%2Fv2%2Fcomments&post=147822"}],"version-history":[{"count":0,"href":"https:\/\/diarioregionaldigital.com.br\/index.php?rest_route=\/wp\/v2\/posts\/147822\/revisions"}],"wp:featuredmedia":[{"embeddable":true,"href":"https:\/\/diarioregionaldigital.com.br\/index.php?rest_route=\/wp\/v2\/media\/147825"}],"wp:attachment":[{"href":"https:\/\/diarioregionaldigital.com.br\/index.php?rest_route=%2Fwp%2Fv2%2Fmedia&parent=147822"}],"wp:term":[{"taxonomy":"category","embeddable":true,"href":"https:\/\/diarioregionaldigital.com.br\/index.php?rest_route=%2Fwp%2Fv2%2Fcategories&post=147822"},{"taxonomy":"post_tag","embeddable":true,"href":"https:\/\/diarioregionaldigital.com.br\/index.php?rest_route=%2Fwp%2Fv2%2Ftags&post=147822"}],"curies":[{"name":"wp","href":"https:\/\/api.w.org\/{rel}","templated":true}]}}