{"id":147821,"date":"2019-09-16T18:19:30","date_gmt":"2019-09-16T21:19:30","guid":{"rendered":"https:\/\/diarioregionaldigital.com.br\/?p=147821"},"modified":"2019-09-16T18:19:30","modified_gmt":"2019-09-16T21:19:30","slug":"oswaldo-enaltece-importancia-da-vitoria-no-fim-de-semana","status":"publish","type":"post","link":"https:\/\/diarioregionaldigital.com.br\/?p=147821","title":{"rendered":"Oswaldo enaltece import\u00e2ncia da vit\u00f3ria no fim de semana"},"content":{"rendered":"<p>Para respirar mais aliviado. Com o triunfo no fim de semana, o Fluminense deixou a zona de rebaixamento do Brasileir\u00e3o. Feliz, o t\u00e9cnico Oswaldo de Oliveira celebrou a vit\u00f3ria por a 1 a 0.<\/p>\n<p>\u2013 Muita satisfa\u00e7\u00e3o, muito necess\u00e1ria essa vit\u00f3ria. O momento \u00e9 tenso pela situa\u00e7\u00e3o do Fluminense na tabela. S\u00f3 vamos resgatar a confian\u00e7a com resultado. Pode criar muita chance, mas se o resultado n\u00e3o vem, \u00e9 baixo astral. Fica muita coisa pelo meio, no\u00e7\u00f5es que a gente tenta implantar na equipe. Depois d\u00e1 uma sensa\u00e7\u00e3o de vazio quando voc\u00ea pensa que n\u00e3o conseguiu passar tudo que poderia.<\/p>\n<p>Dois dos grandes nomes do Fluminense, Ganso e Nen\u00ea t\u00eam caracter\u00edsticas relativamente parecidas. Mas e como faz para coloc\u00e1-los juntos em campo? Com a palavra quem carrega a miss\u00e3o de montar o quebra-cabe\u00e7a: Oswaldo de Oliveira. Diante do Corinthians, o t\u00e9cnico escalou o Tricolor com Yuri e Allan de volantes, deu liberdade a Ganso como um leg\u00edtimo camisa 10 e adiantou Nen\u00ea para o ataque. O treinador explicou suas ideias para a equipe.<\/p>\n<p>\u2013 Minha compara\u00e7\u00e3o est\u00e1 um pouco distinta, mas como jogavam Pel\u00e9 e Tost\u00e3o. Dois grandes craques que jogam em posi\u00e7\u00f5es semelhantes, mas o Zagallo deu jeito (na Copa de 1970), ainda com Rivellino, Piazza\u2026 Assim que eu cheguei, tive um dia e conversei com o Marc\u00e3o antes do jogo contra o Corinthians em S\u00e3o Paulo. A ideia era baixar um pouco mais a linha e diminuir contra o Corinthians. Ele estava muito bem e ele pediu para sair faltando dois minutos. No outro (a volta contra o Corinthians pela Sul-Americana), quando precis\u00e1vamos de gol, optei pela sa\u00edda. Ele tem de jogar perto da \u00e1rea. \u00c9 bom passador, finalizador e tamb\u00e9m cabeceador. Estou buscando isso nesse momento. Mas se tiver alguma conting\u00eancia, podemos fazer ele voltar \u00e0 outra fun\u00e7\u00e3o (mais recuado) que ele tamb\u00e9m consegue fazer bem \u2013 disse.<\/p>\n<p>&nbsp;<\/p>\n<p><strong>CART\u00d5ES VERMELHOS<\/strong><\/p>\n<p>A vit\u00f3ria por 1 a 0 sobre o Corinthians, domingo, no Man\u00e9 Garrincha, serviu para tirar o Fluminense da zona de rebaixamento do Campeonato Brasileiro. O caminho para o al\u00edvio definitivo, no entanto, ainda \u00e9 longo. Uma das chaves para isso pode estar na disciplina. Afinal, o Tricolor tem o time que mais levou cart\u00f5es vermelhos na competi\u00e7\u00e3o.<\/p>\n<p>No total, o Fluminense teve sete expuls\u00f5es. Foram seis jogadores e uma do ex-t\u00e9cnico Fernando Diniz. Em segundo lugar no inc\u00f4modo quesito vem o Fortaleza. A equipe cearense j\u00e1 viu quatro atletas levarem cart\u00f5es vermelhos e mais dois membros de comiss\u00e3o t\u00e9cnica.<\/p>\n<p>&nbsp;<\/p>\n<p>Fonte: Fluminense<\/p>\n","protected":false},"excerpt":{"rendered":"<p>Para respirar mais aliviado. Com o triunfo no fim de semana, o Fluminense deixou a zona de rebaixamento do Brasileir\u00e3o. Feliz, o t\u00e9cnico Oswaldo de Oliveira celebrou a vit\u00f3ria por a 1 a 0. \u2013 Muita satisfa\u00e7\u00e3o, muito necess\u00e1ria essa vit\u00f3ria. O momento \u00e9 tenso pela situa\u00e7\u00e3o do Fluminense na tabela. S\u00f3 vamos resgatar a [&hellip;]<\/p>\n","protected":false},"author":96,"featured_media":147824,"comment_status":"closed","ping_status":"closed","sticky":false,"template":"","format":"standard","meta":{"footnotes":""},"categories":[436,257,439],"tags":[],"class_list":["post-147821","post","type-post","status-publish","format-standard","has-post-thumbnail","hentry","category-destaque-da-semana","category-esporte","category-ultima-hora"],"_links":{"self":[{"href":"https:\/\/diarioregionaldigital.com.br\/index.php?rest_route=\/wp\/v2\/posts\/147821","targetHints":{"allow":["GET"]}}],"collection":[{"href":"https:\/\/diarioregionaldigital.com.br\/index.php?rest_route=\/wp\/v2\/posts"}],"about":[{"href":"https:\/\/diarioregionaldigital.com.br\/index.php?rest_route=\/wp\/v2\/types\/post"}],"author":[{"embeddable":true,"href":"https:\/\/diarioregionaldigital.com.br\/index.php?rest_route=\/wp\/v2\/users\/96"}],"replies":[{"embeddable":true,"href":"https:\/\/diarioregionaldigital.com.br\/index.php?rest_route=%2Fwp%2Fv2%2Fcomments&post=147821"}],"version-history":[{"count":0,"href":"https:\/\/diarioregionaldigital.com.br\/index.php?rest_route=\/wp\/v2\/posts\/147821\/revisions"}],"wp:featuredmedia":[{"embeddable":true,"href":"https:\/\/diarioregionaldigital.com.br\/index.php?rest_route=\/wp\/v2\/media\/147824"}],"wp:attachment":[{"href":"https:\/\/diarioregionaldigital.com.br\/index.php?rest_route=%2Fwp%2Fv2%2Fmedia&parent=147821"}],"wp:term":[{"taxonomy":"category","embeddable":true,"href":"https:\/\/diarioregionaldigital.com.br\/index.php?rest_route=%2Fwp%2Fv2%2Fcategories&post=147821"},{"taxonomy":"post_tag","embeddable":true,"href":"https:\/\/diarioregionaldigital.com.br\/index.php?rest_route=%2Fwp%2Fv2%2Ftags&post=147821"}],"curies":[{"name":"wp","href":"https:\/\/api.w.org\/{rel}","templated":true}]}}