{"id":147815,"date":"2019-09-16T18:02:10","date_gmt":"2019-09-16T21:02:10","guid":{"rendered":"https:\/\/diarioregionaldigital.com.br\/?p=147815"},"modified":"2019-09-16T18:02:10","modified_gmt":"2019-09-16T21:02:10","slug":"resultado-preliminar-das-provas-objetivas-de-concurso-sera-divulgado-nesta-terca","status":"publish","type":"post","link":"https:\/\/diarioregionaldigital.com.br\/?p=147815","title":{"rendered":"Resultado preliminar das provas objetivas de concurso ser\u00e1 divulgado nesta ter\u00e7a"},"content":{"rendered":"<p>Os\u00a012.276 candidatos que realizaram as provas objetivas\u00a0para o concurso p\u00fablico de t\u00e9cnico-administrativos em educa\u00e7\u00e3o (TAEs) da Universidade Federal de Juiz de Fora (UFJF), para atua\u00e7\u00e3o nos campi de Juiz de Fora e Governador Valadares, devem ficar atentos ao gabarito preliminar previsto para ser disponibilizado nesta ter\u00e7a-feira, 17, no site da\u00a0<a href=\"https:\/\/concurso.fundacaocefetminas.org.br\/site\/processo_seletivo.aspx\">Funda\u00e7\u00e3o Cefetminas<\/a>. O exame foi organizado pela\u00a0<a href=\"https:\/\/concurso.fundacaocefetminas.org.br\/site\/processo_seletivo.aspx\">Funda\u00e7\u00e3o Cefetminas<\/a>\u00a0e contou com o apoio da pr\u00f3-reitorias de Infraestrutura e Gest\u00e3o (Proinfra) e de Gest\u00e3o de Pessoas (Progepe) para organiza\u00e7\u00e3o dentro dos campi.<\/p>\n<p>O concurso contou com 9.795 presentes na realiza\u00e7\u00e3o da provas em Juiz de Fora e 2.311 em Governador Valadares.\u00a0Os \u00edndices de aus\u00eancia foram de 23,97% e 23,85% respectivamente.<\/p>\n<p>Ap\u00f3s a previs\u00e3o para divulga\u00e7\u00e3o do gabarito preliminar da prova objetiva para esta ter\u00e7a-feira, 17, os candidatos devem ficar atentos aos recursos contra as quest\u00f5es e o gabarito preliminar, podendo ser feitos entre os dias 17 e 19 de setembro. O cronograma prev\u00ea que no dia 24 sejam publicados os resultados dos recursos e os resultados preliminares da prova objetiva. Ainda ser\u00e3o aceitos recursos contra esse resultado preliminar entre os dias 24 e 26 deste m\u00eas.<\/p>\n<p>Os resultados finais dos recursos e da prova objetiva s\u00e3o divulgados no dia 27 de setembro. No mesmo dia, sa\u00ed o edital de convoca\u00e7\u00e3o para a prova pr\u00e1tica, com a rela\u00e7\u00e3o de candidatos, datas, hor\u00e1rios e locais de provas e as orienta\u00e7\u00f5es gerais. Confira a tabela abaixo com todas as datas previstas para as pr\u00f3ximas publica\u00e7\u00f5es.<\/p>\n<div id=\"tablepress-12_wrapper\" class=\"dataTables_wrapper\">\n<div id=\"tablepress-12_length\" class=\"dataTables_length\"><label><select class=\"\" name=\"tablepress-12_length\" aria-controls=\"tablepress-12\"><option value=\"10\">10<\/option><option value=\"25\">25<\/option><option value=\"50\">50<\/option><option value=\"100\">100<\/option><\/select>\u00a0resultados por p\u00e1gina<\/label><\/div>\n<div id=\"tablepress-12_filter\" class=\"dataTables_filter\"><label>Pesquisar<input class=\"\" type=\"search\" placeholder=\"\" aria-controls=\"tablepress-12\" \/><\/label><\/div>\n<table id=\"tablepress-12\" class=\"tablepress tablepress-id-12 dataTable\" role=\"grid\" aria-describedby=\"tablepress-12_info\">\n<thead>\n<tr class=\"row-1 odd\" role=\"row\">\n<th class=\"column-1 sorting\" tabindex=\"0\" colspan=\"1\" rowspan=\"1\" aria-controls=\"tablepress-12\" aria-label=\"Data prevista: Ordenar colunas de forma ascendente\">Data prevista<\/th>\n<th class=\"column-2 sorting\" tabindex=\"0\" colspan=\"1\" rowspan=\"1\" aria-controls=\"tablepress-12\" aria-label=\"Pr\u00f3ximas publica\u00e7\u00f5es: Ordenar colunas de forma ascendente\">Pr\u00f3ximas publica\u00e7\u00f5es<\/th>\n<\/tr>\n<\/thead>\n<tfoot>\n<tr class=\"row-21 odd\">\n<th class=\"column-1\" colspan=\"1\" rowspan=\"1\">Fonte: CefetMinas<\/th>\n<th class=\"column-2\" colspan=\"1\" rowspan=\"1\"><\/th>\n<\/tr>\n<\/tfoot>\n<tbody class=\"row-hover\">\n<tr class=\"row-2 even\" role=\"row\">\n<td class=\"column-1\">17\/09<\/td>\n<td class=\"column-2\">Publica\u00e7\u00e3o do caderno de provas e do gabarito preliminar da Prova Objetiva<br \/>\nPublica\u00e7\u00e3o dos cart\u00f5es de respostas da Prova Objetiva na \u00c1rea do Candidato<\/td>\n<\/tr>\n<tr class=\"row-3 odd\" role=\"row\">\n<td class=\"column-1\">17\/09 a 19\/09<\/td>\n<td class=\"column-2\">Interposi\u00e7\u00e3o de recursos contra as quest\u00f5es e o gabarito preliminar da Prova Objetiva<\/td>\n<\/tr>\n<tr class=\"row-4 even\" role=\"row\">\n<td class=\"column-1\">24\/09<\/td>\n<td class=\"column-2\">Publica\u00e7\u00e3o do resultado dos recursos contra as quest\u00f5es e o gabarito preliminar da Prova Objetiva na \u00c1rea do Candidato<br \/>\nPublica\u00e7\u00e3o do resultado preliminar da Prova Objetiva<\/td>\n<\/tr>\n<tr class=\"row-5 odd\" role=\"row\">\n<td class=\"column-1\">24\/09 a 26\/09<\/td>\n<td class=\"column-2\">Interposi\u00e7\u00e3o de recursos contra o resultado preliminar da Prova Objetiva<\/td>\n<\/tr>\n<tr class=\"row-6 even\" role=\"row\">\n<td class=\"column-1\">27\/09<\/td>\n<td class=\"column-2\">Publica\u00e7\u00e3o do resultado dos recursos contra o resultado preliminar da Prova Objetiva na \u00c1rea do Candidato<br \/>\nPublica\u00e7\u00e3o do resultado final da Prova Objetiva<br \/>\nPublica\u00e7\u00e3o de Edital de convoca\u00e7\u00e3o para a Prova Pr\u00e1tica (rela\u00e7\u00e3o de candidatos, datas, hor\u00e1rios e local de provas e orienta\u00e7\u00f5es gerais)<br \/>\nPublica\u00e7\u00e3o da composi\u00e7\u00e3o preliminar das bancas da prova pr\u00e1tica<\/td>\n<\/tr>\n<tr class=\"row-7 odd\" role=\"row\">\n<td class=\"column-1\">27\/09 a 29\/09<\/td>\n<td class=\"column-2\">Interposi\u00e7\u00e3o de recursos contra a composi\u00e7\u00e3o preliminar das Bancas<\/td>\n<\/tr>\n<tr class=\"row-8 even\" role=\"row\">\n<td class=\"column-1\">30\/09<\/td>\n<td class=\"column-2\">Publica\u00e7\u00e3o do resultado dos recursos contra a composi\u00e7\u00e3o preliminar das bancas na \u00c1rea do Candidato<br \/>\nPublica\u00e7\u00e3o da composi\u00e7\u00e3o final das bancas<\/td>\n<\/tr>\n<tr class=\"row-9 odd\" role=\"row\">\n<td class=\"column-1\">04\/10 a 07\/10<\/td>\n<td class=\"column-2\">Realiza\u00e7\u00e3o dos sorteios da ordem de apresenta\u00e7\u00f5es da Prova Pr\u00e1tica<\/td>\n<\/tr>\n<tr class=\"row-10 even\" role=\"row\">\n<td class=\"column-1\">05\/10 a 08\/10<\/td>\n<td class=\"column-2\">Realiza\u00e7\u00e3o da Prova Pr\u00e1tica<\/td>\n<\/tr>\n<tr class=\"row-11 odd\" role=\"row\">\n<td class=\"column-1\">09\/10<\/td>\n<td class=\"column-2\">Publica\u00e7\u00e3o do resultado preliminar da Prova Pr\u00e1tica<\/td>\n<\/tr>\n<\/tbody>\n<\/table>\n<div id=\"tablepress-12_info\" class=\"dataTables_info\" role=\"status\" aria-live=\"polite\">Mostrando de 1 at\u00e9 10 de 19 registros<\/div>\n<div id=\"tablepress-12_paginate\" class=\"dataTables_paginate paging_simple\"><a id=\"tablepress-12_previous\" class=\"paginate_button previous disabled\" tabindex=\"0\" aria-controls=\"tablepress-12\" data-dt-idx=\"0\"><\/a>Anterior<a id=\"tablepress-12_next\" class=\"paginate_button next\" tabindex=\"0\" aria-controls=\"tablepress-12\" data-dt-idx=\"1\"><\/a>Pr\u00f3ximo<\/div>\n<\/div>\n<p>Durante o per\u00edodo de realiza\u00e7\u00e3o das provas, toda a equipe de vigil\u00e2ncia da Universidade esteve mobilizada e prontificada para auxiliar a locomo\u00e7\u00e3o dos candidatos e controlar o tr\u00e2nsito dentro do campus universit\u00e1rio. Fora do per\u00edmetro da UFJF a responsabilidade foi da\u00a0<a href=\"https:\/\/concurso.fundacaocefetminas.org.br\/site\/processo_seletivo.aspx\">Funda\u00e7\u00e3o Cefetminas<\/a>\u00a0juntamente a Secretaria de Transporte e Tr\u00e2nsito (Settra) da Prefeitura de Juiz de Fora (PJF).<\/p>\n<p>Fonte: UFJF<\/p>\n","protected":false},"excerpt":{"rendered":"<p>Os\u00a012.276 candidatos que realizaram as provas objetivas\u00a0para o concurso p\u00fablico de t\u00e9cnico-administrativos em educa\u00e7\u00e3o (TAEs) da Universidade Federal de Juiz de Fora (UFJF), para atua\u00e7\u00e3o nos campi de Juiz de Fora e Governador Valadares, devem ficar atentos ao gabarito preliminar previsto para ser disponibilizado nesta ter\u00e7a-feira, 17, no site da\u00a0Funda\u00e7\u00e3o Cefetminas. O exame foi organizado [&hellip;]<\/p>\n","protected":false},"author":96,"featured_media":147816,"comment_status":"closed","ping_status":"closed","sticky":false,"template":"","format":"standard","meta":{"footnotes":""},"categories":[253,436,439],"tags":[],"class_list":["post-147815","post","type-post","status-publish","format-standard","has-post-thumbnail","hentry","category-cidade","category-destaque-da-semana","category-ultima-hora"],"_links":{"self":[{"href":"https:\/\/diarioregionaldigital.com.br\/index.php?rest_route=\/wp\/v2\/posts\/147815","targetHints":{"allow":["GET"]}}],"collection":[{"href":"https:\/\/diarioregionaldigital.com.br\/index.php?rest_route=\/wp\/v2\/posts"}],"about":[{"href":"https:\/\/diarioregionaldigital.com.br\/index.php?rest_route=\/wp\/v2\/types\/post"}],"author":[{"embeddable":true,"href":"https:\/\/diarioregionaldigital.com.br\/index.php?rest_route=\/wp\/v2\/users\/96"}],"replies":[{"embeddable":true,"href":"https:\/\/diarioregionaldigital.com.br\/index.php?rest_route=%2Fwp%2Fv2%2Fcomments&post=147815"}],"version-history":[{"count":0,"href":"https:\/\/diarioregionaldigital.com.br\/index.php?rest_route=\/wp\/v2\/posts\/147815\/revisions"}],"wp:featuredmedia":[{"embeddable":true,"href":"https:\/\/diarioregionaldigital.com.br\/index.php?rest_route=\/wp\/v2\/media\/147816"}],"wp:attachment":[{"href":"https:\/\/diarioregionaldigital.com.br\/index.php?rest_route=%2Fwp%2Fv2%2Fmedia&parent=147815"}],"wp:term":[{"taxonomy":"category","embeddable":true,"href":"https:\/\/diarioregionaldigital.com.br\/index.php?rest_route=%2Fwp%2Fv2%2Fcategories&post=147815"},{"taxonomy":"post_tag","embeddable":true,"href":"https:\/\/diarioregionaldigital.com.br\/index.php?rest_route=%2Fwp%2Fv2%2Ftags&post=147815"}],"curies":[{"name":"wp","href":"https:\/\/api.w.org\/{rel}","templated":true}]}}