{"id":147801,"date":"2019-09-16T06:00:55","date_gmt":"2019-09-16T09:00:55","guid":{"rendered":"https:\/\/diarioregionaldigital.com.br\/?p=147801"},"modified":"2019-09-16T16:40:48","modified_gmt":"2019-09-16T19:40:48","slug":"eleicoes-sindicais-16-09-19","status":"publish","type":"post","link":"https:\/\/diarioregionaldigital.com.br\/?p=147801","title":{"rendered":"Elei\u00e7\u00f5es Sindicais &#8211; 16\/09\/19"},"content":{"rendered":"<p style=\"text-align: center;\"><strong>ELEI\u00c7\u00d5ES SINDICAIS<\/strong><\/p>\n<p style=\"text-align: center;\"><strong>SINDICATO DOS TRABALHADORES NAS INDUSTRIAS DOS CHAP\u00c9US, CAL\u00c7ADOS E CONFEC\u00c7\u00d5ES DE ROUPAS DE JUIZ DE FORA, BICAS, MATIAS BARBOSA E RIO NOVO-MG.<\/strong><\/p>\n<p style=\"text-align: center;\"><strong>EDITAL DE DIVULGA\u00c7\u00c3O DA CHAPA REGISTRADA<\/strong><\/p>\n<p style=\"text-align: center;\">Em cumprimento \u00e0s disposi\u00e7\u00f5es legais vigentes, torno p\u00fablico que foi registrada a seguinte chapa, como concorrente \u00e0 elei\u00e7\u00e3o a que se refere o AVISO publicado no \u201cDi\u00e1rio Regional\u201d no dia 30 de agosto de 2019, CHAPA \u00daNICA: Diretoria Efetivos: Presidente: Hilza Aparecida Nascimento; Vice-Presidente: Eva Ant\u00f4nia de MatosRaymunda; 1\u00aa Secret\u00e1ria: Val\u00e9ria Aparecida de Paula Silva; 1\u00ba Tesoureira: Maria de F\u00e1tima Cabral Fiorito; Conselho Fiscal Efetivo: Maria Helena Nascimento; Maria da Concei\u00e7\u00e3o Nascimento; Ant\u00f4nio Batista de Oliveira; Suplente: Carlos Alberto Guimaraes Coelho; Coordenador de Curso: In\u00e1cio Clemente da Silva; Delega\u00e7\u00e3o Federativa-Efetiva:Hilza Aparecida Nascimento; Eva Ant\u00f4nia de Matos Raymunda; Delega\u00e7\u00e3o Federativa-Suplente: Maria de F\u00e1tima Cabral Fiorito. Nos termos da Lei, o prazo para impugna\u00e7\u00e3o de candidaturas \u00e9 de 5 (cinco) dias contados da publica\u00e7\u00e3o deste Edital. Juiz de Fora, 16 de setembro de 2019. Hilza Aparecida Nascimento \u2013 Presidente.<\/p>\n","protected":false},"excerpt":{"rendered":"<p>ELEI\u00c7\u00d5ES SINDICAIS SINDICATO DOS TRABALHADORES NAS INDUSTRIAS DOS CHAP\u00c9US, CAL\u00c7ADOS E CONFEC\u00c7\u00d5ES DE ROUPAS DE JUIZ DE FORA, BICAS, MATIAS BARBOSA E RIO NOVO-MG. EDITAL DE DIVULGA\u00c7\u00c3O DA CHAPA REGISTRADA Em cumprimento \u00e0s disposi\u00e7\u00f5es legais vigentes, torno p\u00fablico que foi registrada a seguinte chapa, como concorrente \u00e0 elei\u00e7\u00e3o a que se refere o AVISO publicado [&hellip;]<\/p>\n","protected":false},"author":96,"featured_media":0,"comment_status":"closed","ping_status":"closed","sticky":false,"template":"","format":"standard","meta":{"footnotes":""},"categories":[307],"tags":[],"class_list":["post-147801","post","type-post","status-publish","format-standard","hentry","category-editais"],"_links":{"self":[{"href":"https:\/\/diarioregionaldigital.com.br\/index.php?rest_route=\/wp\/v2\/posts\/147801","targetHints":{"allow":["GET"]}}],"collection":[{"href":"https:\/\/diarioregionaldigital.com.br\/index.php?rest_route=\/wp\/v2\/posts"}],"about":[{"href":"https:\/\/diarioregionaldigital.com.br\/index.php?rest_route=\/wp\/v2\/types\/post"}],"author":[{"embeddable":true,"href":"https:\/\/diarioregionaldigital.com.br\/index.php?rest_route=\/wp\/v2\/users\/96"}],"replies":[{"embeddable":true,"href":"https:\/\/diarioregionaldigital.com.br\/index.php?rest_route=%2Fwp%2Fv2%2Fcomments&post=147801"}],"version-history":[{"count":0,"href":"https:\/\/diarioregionaldigital.com.br\/index.php?rest_route=\/wp\/v2\/posts\/147801\/revisions"}],"wp:attachment":[{"href":"https:\/\/diarioregionaldigital.com.br\/index.php?rest_route=%2Fwp%2Fv2%2Fmedia&parent=147801"}],"wp:term":[{"taxonomy":"category","embeddable":true,"href":"https:\/\/diarioregionaldigital.com.br\/index.php?rest_route=%2Fwp%2Fv2%2Fcategories&post=147801"},{"taxonomy":"post_tag","embeddable":true,"href":"https:\/\/diarioregionaldigital.com.br\/index.php?rest_route=%2Fwp%2Fv2%2Ftags&post=147801"}],"curies":[{"name":"wp","href":"https:\/\/api.w.org\/{rel}","templated":true}]}}