{"id":147797,"date":"2019-09-16T16:01:45","date_gmt":"2019-09-16T19:01:45","guid":{"rendered":"https:\/\/diarioregionaldigital.com.br\/?p=147797"},"modified":"2019-09-16T16:01:45","modified_gmt":"2019-09-16T19:01:45","slug":"mourao-se-reune-com-empresarios-brasileiros-e-alemaes-em-natal","status":"publish","type":"post","link":"https:\/\/diarioregionaldigital.com.br\/?p=147797","title":{"rendered":"Mour\u00e3o se re\u00fane com empres\u00e1rios brasileiros e alem\u00e3es em Natal"},"content":{"rendered":"<p>Mais de mil empres\u00e1rios brasileiros e alem\u00e3es v\u00e3o se reunir nesta segunda-feira (16) em Natal, para discutir parcerias na rela\u00e7\u00e3o comercial entre os dois pa\u00edses. O\u00a037\u00ba Encontro Empresarial Brasil-Alemanha (EEBA), que vai at\u00e9 o dia 17, \u00e9 organizado pela Confedera\u00e7\u00e3o Nacional da Ind\u00fastria (CNI) e a Federa\u00e7\u00e3o das\u00a0Ind\u00fastrias Alem\u00e3s (BDI), com o apoio da Federa\u00e7\u00e3o das Ind\u00fastrias do Estado do Rio Grande do Norte (Fiern). O presidente em exerc\u00edcio, Hamilton Mour\u00e3o, participar\u00e1 da abertura do encontro, prevista para as 9h. O vice-ministro alem\u00e3o da Economia e Energia, Thomas Bareiss, tamb\u00e9m est\u00e1 confirmado.<\/p>\n<p>A Alemanha \u00e9 o quarto maior parceiro comercial do Brasil, atr\u00e1s da China, dos Estados Unidos e da Argentina. A participa\u00e7\u00e3o da pot\u00eancia europeia na corrente de com\u00e9rcio do\u00a0Brasil em 2018 foi de 3,75%. Mais de 54% dos produtos brasileiros exportados para a Alemanha s\u00e3o industrializados, incluindo m\u00e1quinas mec\u00e2nicas, autom\u00f3veis,\u00a0m\u00e1quinas el\u00e9tricas e produtos farmac\u00eauticos. Em rela\u00e7\u00e3o \u00e0s importa\u00e7\u00f5es, 99% das mercadorias que o Brasil compra do pa\u00eds europeu s\u00e3o bens industriais.<\/p>\n<p>Pesquisa da CNI com empres\u00e1rios brasileiros que investem e exportam para a Alemanha mostrou os principais temas que precisam avan\u00e7ar na agenda dos dois\u00a0pa\u00edses. O levantamento foi entregue ao governo brasileiro para subsidiar a reuni\u00e3o da Comiss\u00e3o Mista de Coopera\u00e7\u00e3o Econ\u00f4mica Brasil-Alemanha, que ocorrer\u00e1 no dia 17 de\u00a0setembro.<\/p>\n<p>&#8220;Na consulta ficou clara a necessidade de se internalizar rapidamente o acordo comercial Mercosul-Uni\u00e3o Europeia, que ampliar\u00e1 as oportunidades de acesso a mercados\u00a0para os dois pa\u00edses, al\u00e9m de melhorar o ambiente de neg\u00f3cios para promover o com\u00e9rcio de bens e servi\u00e7os e os investimentos bilaterais. O setor produtivo do Brasil\u00a0entende que o apoio da Alemanha foi essencial para a conclus\u00e3o do acordo, anunciada em 28 de julho, e avalia que esse mesmo apoio ser\u00e1 importante para a aprova\u00e7\u00e3o do\u00a0tratado pelo Parlamento Europeu, o que deve ocorrer ao longo dos pr\u00f3ximos dois anos&#8221;, diz a CNI.<\/p>\n<p>Segundo a confedera\u00e7\u00e3o, as empresas brasileiras tamb\u00e9m defendem o in\u00edcio das negocia\u00e7\u00f5es de um acordo para evitar a dupla tributa\u00e7\u00e3o (ADT) e de\u00a0reconhecimento m\u00fatuo entre os programas brasileiro e europeu de Operador Econ\u00f4mico Autorizado (OEA). O programa concede tratamento diferenciado para\u00a0opera\u00e7\u00f5es de com\u00e9rcio exterior que envolvem movimenta\u00e7\u00e3o internacional de mercadorias. Entre os benef\u00edcios oferecidos \u00e0s empresas certificadas pelos programas est\u00e3o a\u00a0simplifica\u00e7\u00e3o, facilidade e agilidade de procedimentos aduaneiros no pa\u00eds e no exterior.<\/p>\n<h2>Agenda<\/h2>\n<p>Hamilton Mour\u00e3o ainda deve aproveitar a presen\u00e7a em Natal para se reunir com a governadora do Rio Grande do Norte, F\u00e1tima Bezerra, que deve apresentar ao presidente em exerc\u00edcio o programa estadual de Seguran\u00e7a P\u00fablica. Mour\u00e3o cumpre pelo menos mais dois compromissos na capital potiguar antes de retornar a Bras\u00edlia.<\/p>\n<p>Ainda nesta segunda-feira, \u00e0s 17h, o presidente da Comiss\u00e3o de Rela\u00e7\u00f5es Exteriores e Defesa Nacional da C\u00e2mara de Deputados, deputado Eduardo Bolsonaro (PSL-SP), far\u00e1 palestra sobre \u201cOportunidades para o investidor estrangeiro no atual governo\u201d. Tamb\u00e9m est\u00e3o confirmados para a abertura oficial do evento o presidente da CNI, Robson Braga, o presidente da BDI, Dieter Kempf, o presidente da Fiern, Amaro Sales, e\u00a0a governadora F\u00e1tima Bezerra.<\/p>\n<p>Fonte: Ag\u00eancia Brasil<\/p>\n","protected":false},"excerpt":{"rendered":"<p>Mais de mil empres\u00e1rios brasileiros e alem\u00e3es v\u00e3o se reunir nesta segunda-feira (16) em Natal, para discutir parcerias na rela\u00e7\u00e3o comercial entre os dois pa\u00edses. O\u00a037\u00ba Encontro Empresarial Brasil-Alemanha (EEBA), que vai at\u00e9 o dia 17, \u00e9 organizado pela Confedera\u00e7\u00e3o Nacional da Ind\u00fastria (CNI) e a Federa\u00e7\u00e3o das\u00a0Ind\u00fastrias Alem\u00e3s (BDI), com o apoio da Federa\u00e7\u00e3o [&hellip;]<\/p>\n","protected":false},"author":96,"featured_media":147799,"comment_status":"closed","ping_status":"closed","sticky":false,"template":"","format":"standard","meta":{"footnotes":""},"categories":[436,254,439],"tags":[],"class_list":["post-147797","post","type-post","status-publish","format-standard","has-post-thumbnail","hentry","category-destaque-da-semana","category-politica","category-ultima-hora"],"_links":{"self":[{"href":"https:\/\/diarioregionaldigital.com.br\/index.php?rest_route=\/wp\/v2\/posts\/147797","targetHints":{"allow":["GET"]}}],"collection":[{"href":"https:\/\/diarioregionaldigital.com.br\/index.php?rest_route=\/wp\/v2\/posts"}],"about":[{"href":"https:\/\/diarioregionaldigital.com.br\/index.php?rest_route=\/wp\/v2\/types\/post"}],"author":[{"embeddable":true,"href":"https:\/\/diarioregionaldigital.com.br\/index.php?rest_route=\/wp\/v2\/users\/96"}],"replies":[{"embeddable":true,"href":"https:\/\/diarioregionaldigital.com.br\/index.php?rest_route=%2Fwp%2Fv2%2Fcomments&post=147797"}],"version-history":[{"count":0,"href":"https:\/\/diarioregionaldigital.com.br\/index.php?rest_route=\/wp\/v2\/posts\/147797\/revisions"}],"wp:featuredmedia":[{"embeddable":true,"href":"https:\/\/diarioregionaldigital.com.br\/index.php?rest_route=\/wp\/v2\/media\/147799"}],"wp:attachment":[{"href":"https:\/\/diarioregionaldigital.com.br\/index.php?rest_route=%2Fwp%2Fv2%2Fmedia&parent=147797"}],"wp:term":[{"taxonomy":"category","embeddable":true,"href":"https:\/\/diarioregionaldigital.com.br\/index.php?rest_route=%2Fwp%2Fv2%2Fcategories&post=147797"},{"taxonomy":"post_tag","embeddable":true,"href":"https:\/\/diarioregionaldigital.com.br\/index.php?rest_route=%2Fwp%2Fv2%2Ftags&post=147797"}],"curies":[{"name":"wp","href":"https:\/\/api.w.org\/{rel}","templated":true}]}}