{"id":147795,"date":"2019-09-16T15:58:45","date_gmt":"2019-09-16T18:58:45","guid":{"rendered":"https:\/\/diarioregionaldigital.com.br\/?p=147795"},"modified":"2019-09-16T15:58:45","modified_gmt":"2019-09-16T18:58:45","slug":"bolsonaro-deixa-hospital-em-sao-paulo-e-volta-para-brasilia","status":"publish","type":"post","link":"https:\/\/diarioregionaldigital.com.br\/?p=147795","title":{"rendered":"Bolsonaro deixa hospital em S\u00e3o Paulo e volta para Bras\u00edlia"},"content":{"rendered":"<p>O presidente da Rep\u00fablica, Jair Bolsonaro, deixou o Hospital Vila Nova Star, em S\u00e3o Paulo, \u00e0s 15h de hoje (16), ap\u00f3s dez dias de interna\u00e7\u00e3o. A comitiva de Bolsonaro saiu do hospital com destino ao aeroporto de Congonhas, de onde embarca para Bras\u00edlia.<\/p>\n<p>Bolsonaro saiu sem falar com jornalistas e com outras pessoas que aguardavam do lado de fora e assistiram \u00e0 sa\u00edda dos carros da comitiva. O tr\u00e1fego na rua do hospital foi interrompido para a passagem do comboio.<\/p>\n<h2>Cirurgia<\/h2>\n<p>Bolsonaro foi internado\u00a0no dia 7 de setembro, e a cirurgia de corre\u00e7\u00e3o de uma h\u00e9rnia incisional ocorreu no dia seguinte (8). Esta \u00e9 a quarta vez em que o presidente\u00a0se submete a uma cirurgia, desde que sofreu um atentando \u00e0 faca, no dia 6 de setembro do ano passado, em Juiz de Fora (MG), durante a campanha eleitoral.<\/p>\n<p>Em Bras\u00edlia, ele continuar\u00e1 o processo de recupera\u00e7\u00e3o, seguindo as orienta\u00e7\u00f5es m\u00e9dicas relacionadas a dieta e atividade f\u00edsica.<\/p>\n<p>Ainda por orienta\u00e7\u00e3o m\u00e9dica, Bolsonaro\u00a0ficar\u00e1 afastado da Presid\u00eancia at\u00e9 quarta-feira (18), que ser\u00e1 assumida neste per\u00edodo pelo vice-presidente Hamilton Mour\u00e3o.<\/p>\n<p>O cirurgi\u00e3o-chefe do hospital, Ant\u00f4nio Luiz Macedo, disse que foi retirada a nutri\u00e7\u00e3o parenteral (endovenosa) do presidente hoje pela manh\u00e3, mas que ele continuar\u00e1 com a dieta cremosa em Bras\u00edlia pelo menos at\u00e9 sexta-feira (20), quando a equipe m\u00e9dica dever\u00e1 viajar para a capital para avaliar se Bolsonaro j\u00e1 poder\u00e1 passar para a dieta pastosa. A expectativa do m\u00e9dico \u00e9\u00a0que o presidente possa voltar a se alimentar normalmente a partir de segunda ou ter\u00e7a que vem.<\/p>\n<p>De acordo com Macedo, os exames m\u00e9dicos do presidente est\u00e3o normais e o quadro dele \u201c\u00e9 muito bom\u201d.<\/p>\n<p>Fonte: Ag\u00eancia Brasil<\/p>\n","protected":false},"excerpt":{"rendered":"<p>O presidente da Rep\u00fablica, Jair Bolsonaro, deixou o Hospital Vila Nova Star, em S\u00e3o Paulo, \u00e0s 15h de hoje (16), ap\u00f3s dez dias de interna\u00e7\u00e3o. A comitiva de Bolsonaro saiu do hospital com destino ao aeroporto de Congonhas, de onde embarca para Bras\u00edlia. Bolsonaro saiu sem falar com jornalistas e com outras pessoas que aguardavam [&hellip;]<\/p>\n","protected":false},"author":96,"featured_media":147796,"comment_status":"closed","ping_status":"closed","sticky":false,"template":"","format":"standard","meta":{"footnotes":""},"categories":[436,254,439],"tags":[],"class_list":["post-147795","post","type-post","status-publish","format-standard","has-post-thumbnail","hentry","category-destaque-da-semana","category-politica","category-ultima-hora"],"_links":{"self":[{"href":"https:\/\/diarioregionaldigital.com.br\/index.php?rest_route=\/wp\/v2\/posts\/147795","targetHints":{"allow":["GET"]}}],"collection":[{"href":"https:\/\/diarioregionaldigital.com.br\/index.php?rest_route=\/wp\/v2\/posts"}],"about":[{"href":"https:\/\/diarioregionaldigital.com.br\/index.php?rest_route=\/wp\/v2\/types\/post"}],"author":[{"embeddable":true,"href":"https:\/\/diarioregionaldigital.com.br\/index.php?rest_route=\/wp\/v2\/users\/96"}],"replies":[{"embeddable":true,"href":"https:\/\/diarioregionaldigital.com.br\/index.php?rest_route=%2Fwp%2Fv2%2Fcomments&post=147795"}],"version-history":[{"count":0,"href":"https:\/\/diarioregionaldigital.com.br\/index.php?rest_route=\/wp\/v2\/posts\/147795\/revisions"}],"wp:featuredmedia":[{"embeddable":true,"href":"https:\/\/diarioregionaldigital.com.br\/index.php?rest_route=\/wp\/v2\/media\/147796"}],"wp:attachment":[{"href":"https:\/\/diarioregionaldigital.com.br\/index.php?rest_route=%2Fwp%2Fv2%2Fmedia&parent=147795"}],"wp:term":[{"taxonomy":"category","embeddable":true,"href":"https:\/\/diarioregionaldigital.com.br\/index.php?rest_route=%2Fwp%2Fv2%2Fcategories&post=147795"},{"taxonomy":"post_tag","embeddable":true,"href":"https:\/\/diarioregionaldigital.com.br\/index.php?rest_route=%2Fwp%2Fv2%2Ftags&post=147795"}],"curies":[{"name":"wp","href":"https:\/\/api.w.org\/{rel}","templated":true}]}}