{"id":147793,"date":"2019-09-16T14:24:16","date_gmt":"2019-09-16T17:24:16","guid":{"rendered":"https:\/\/diarioregionaldigital.com.br\/?p=147793"},"modified":"2019-09-16T14:24:16","modified_gmt":"2019-09-16T17:24:16","slug":"mercado-financeiro-espera-por-reducao-da-selic-para-55-ao-ano","status":"publish","type":"post","link":"https:\/\/diarioregionaldigital.com.br\/?p=147793","title":{"rendered":"Mercado financeiro espera por redu\u00e7\u00e3o da Selic para 5,5% ao ano"},"content":{"rendered":"<p>O mercado financeiro espera que a taxa b\u00e1sica de juros, a Selic, seja reduzida em 0,5 ponto percentual, dos atuais 6% ao ano para 5,5% ao ano, na reuni\u00e3o do Comit\u00ea de Pol\u00edtica Monet\u00e1ria (Copom) do Banco Central (BC), marcada para esta ter\u00e7a e quarta-feira (18), em Bras\u00edlia. A expectativa consta da pesquisa semanal do BC a institui\u00e7\u00f5es financeiras no Boletim Focus.<\/p>\n<p>Para o mercado financeiro, a Selic voltar\u00e1 a ser reduzida em 0,5 ponto percentual em outubro e permanecer\u00e1 em 5% ao ano na \u00faltima reuni\u00e3o do ano marcada para dezembro.<\/p>\n<p>O mercado tamb\u00e9m n\u00e3o espera por altera\u00e7\u00e3o na Selic em 2020. A expectativa, que na semana passada a Selic estaria em 5,25% ao ano no fim de 2020, agora \u00e9 5% ao ano. Para 2021, a expectativa \u00e9 que a Selic volte a subir e encerre o per\u00edodo em 7% ao ano.<\/p>\n<p>A taxa b\u00e1sica de juros \u00e9 usada no controle da infla\u00e7\u00e3o, que est\u00e1 abaixo da meta definida pelo Conselho Monet\u00e1rio Nacional (CMN) para 2019 e 2020.<\/p>\n<p>Quando o Copom reduz a Selic, a tend\u00eancia \u00e9 que o cr\u00e9dito fique mais barato, com incentivo \u00e0 produ\u00e7\u00e3o e ao consumo, reduzindo o controle da infla\u00e7\u00e3o e estimulando a atividade econ\u00f4mica.<\/p>\n<p>Quando o Comit\u00ea de Pol\u00edtica Monet\u00e1ria aumenta a Selic, a finalidade \u00e9 conter a demanda aquecida e isso causa reflexos nos pre\u00e7os porque os juros mais altos encarecem o cr\u00e9dito e estimulam a poupan\u00e7a.<\/p>\n<p>De acordo com as previs\u00f5es do mercado financeiro, a infla\u00e7\u00e3o, calculada pelo \u00cdndice Nacional de Pre\u00e7os ao Consumidor Amplo (IPCA) deve ficar em 3,45%, em 2019. Essa foi a sexta redu\u00e7\u00e3o consecutiva na estimativa, que na semana passada estava em 3,54%.<\/p>\n<p>Para 2020, a estimativa tamb\u00e9m foi reduzida, ao passar de 3,82% para 3,80%, na segunda revis\u00e3o consecutiva. A previs\u00e3o para os anos seguintes n\u00e3o teve altera\u00e7\u00f5es: 3,75%, em 2021, e 3,50%, em 2022.<\/p>\n<p>A meta de infla\u00e7\u00e3o, definida pelo Conselho Monet\u00e1rio Nacional \u00e9 4,25% em 2019, 4% em 2020, 3,75% em 2021 e 3,50% em 2022, com intervalo de toler\u00e2ncia de 1,5 ponto percentual para cima ou para baixo.<\/p>\n<h2>Crescimento da economia<\/h2>\n<p>A previs\u00e3o para a expans\u00e3o do Produto Interno Bruto (PIB) \u2013 a soma de todos os bens e servi\u00e7os produzidos no pa\u00eds \u2013 foi mantida em 0,87% em 2019.<\/p>\n<p>A estimativa para 2020 caiu de 2,07% para 2%. Para 2021 e 2022 tamb\u00e9m n\u00e3o houve altera\u00e7\u00e3o nas estimativas: 2,50%.<\/p>\n<h2>D\u00f3lar<\/h2>\n<p>A previs\u00e3o para a cota\u00e7\u00e3o do d\u00f3lar ao fim deste ano subiu de R$ 3,87 para R$ 3,90 e, para 2020, de R$ 3,85 para R$ 3,90.<\/p>\n<p>Fonte: Ag\u00eancia Brasil<\/p>\n","protected":false},"excerpt":{"rendered":"<p>O mercado financeiro espera que a taxa b\u00e1sica de juros, a Selic, seja reduzida em 0,5 ponto percentual, dos atuais 6% ao ano para 5,5% ao ano, na reuni\u00e3o do Comit\u00ea de Pol\u00edtica Monet\u00e1ria (Copom) do Banco Central (BC), marcada para esta ter\u00e7a e quarta-feira (18), em Bras\u00edlia. A expectativa consta da pesquisa semanal do [&hellip;]<\/p>\n","protected":false},"author":96,"featured_media":143487,"comment_status":"closed","ping_status":"closed","sticky":false,"template":"","format":"standard","meta":{"footnotes":""},"categories":[436,261,439],"tags":[],"class_list":["post-147793","post","type-post","status-publish","format-standard","has-post-thumbnail","hentry","category-destaque-da-semana","category-economia","category-ultima-hora"],"_links":{"self":[{"href":"https:\/\/diarioregionaldigital.com.br\/index.php?rest_route=\/wp\/v2\/posts\/147793","targetHints":{"allow":["GET"]}}],"collection":[{"href":"https:\/\/diarioregionaldigital.com.br\/index.php?rest_route=\/wp\/v2\/posts"}],"about":[{"href":"https:\/\/diarioregionaldigital.com.br\/index.php?rest_route=\/wp\/v2\/types\/post"}],"author":[{"embeddable":true,"href":"https:\/\/diarioregionaldigital.com.br\/index.php?rest_route=\/wp\/v2\/users\/96"}],"replies":[{"embeddable":true,"href":"https:\/\/diarioregionaldigital.com.br\/index.php?rest_route=%2Fwp%2Fv2%2Fcomments&post=147793"}],"version-history":[{"count":0,"href":"https:\/\/diarioregionaldigital.com.br\/index.php?rest_route=\/wp\/v2\/posts\/147793\/revisions"}],"wp:featuredmedia":[{"embeddable":true,"href":"https:\/\/diarioregionaldigital.com.br\/index.php?rest_route=\/wp\/v2\/media\/143487"}],"wp:attachment":[{"href":"https:\/\/diarioregionaldigital.com.br\/index.php?rest_route=%2Fwp%2Fv2%2Fmedia&parent=147793"}],"wp:term":[{"taxonomy":"category","embeddable":true,"href":"https:\/\/diarioregionaldigital.com.br\/index.php?rest_route=%2Fwp%2Fv2%2Fcategories&post=147793"},{"taxonomy":"post_tag","embeddable":true,"href":"https:\/\/diarioregionaldigital.com.br\/index.php?rest_route=%2Fwp%2Fv2%2Ftags&post=147793"}],"curies":[{"name":"wp","href":"https:\/\/api.w.org\/{rel}","templated":true}]}}