{"id":147790,"date":"2019-09-16T14:17:33","date_gmt":"2019-09-16T17:17:33","guid":{"rendered":"https:\/\/diarioregionaldigital.com.br\/?p=147790"},"modified":"2019-09-16T14:17:33","modified_gmt":"2019-09-16T17:17:33","slug":"brasil-eleva-em-95-comercio-com-eua-mas-diminui-com-outros-paises","status":"publish","type":"post","link":"https:\/\/diarioregionaldigital.com.br\/?p=147790","title":{"rendered":"Brasil eleva em 9,5% com\u00e9rcio com EUA, mas diminui com outros pa\u00edses"},"content":{"rendered":"<p>As exporta\u00e7\u00f5es brasileiras para os Estados Unidos cresceram 9,5% em agosto deste ano, na compara\u00e7\u00e3o com o mesmo per\u00edodo de 2018. J\u00e1 as importa\u00e7\u00f5es de produtos daquele pa\u00eds aumentaram 27,9%. Ao mesmo tempo, o com\u00e9rcio com os outros parceiros importantes (China, Argentina e Uni\u00e3o Europeia) teve queda.<\/p>\n<p>Os dados foram divulgados hoje (16), no Rio de Janeiro, pela Funda\u00e7\u00e3o Getulio Vargas (FGV) e mostram que as exporta\u00e7\u00f5es brasileiras para a Argentina recuaram 38,9% no m\u00eas. As vendas para a China ca\u00edram 17,1%, enquanto o volume exportado para a Uni\u00e3o Europeia recuou 7%.<\/p>\n<p>Considerando-se todos os pa\u00edses, a corrente de com\u00e9rcio do pa\u00eds, ou seja, a soma das exporta\u00e7\u00f5es e importa\u00e7\u00f5es, caiu 15% entre agosto de 2018 e agosto de 2019. Os valores exportados pelo Brasil, considerando o volume de exporta\u00e7\u00e3o mais o pre\u00e7o cobrado por esses produtos e servi\u00e7os, recuaram 13%. O valor dos importados caiu 17%.<\/p>\n<p>Segundo nota da pela FGV, isso pode ser explicado pela \u201cdesacelera\u00e7\u00e3o no com\u00e9rcio mundial e o baixo n\u00edvel da atividade brasileira\u201d.<\/p>\n<p>Em termos de volume, as exporta\u00e7\u00f5es e importa\u00e7\u00f5es tiveram a mesma queda (-13%), mas os pre\u00e7os dos bens importados recuaram mais do que os pre\u00e7os dos exportados. Em agosto, todos os setores tiveram queda no volume exportado, com destaque para a ind\u00fastria de transforma\u00e7\u00e3o.<\/p>\n<p>Fonte: Ag\u00eancia Brasil<\/p>\n","protected":false},"excerpt":{"rendered":"<p>As exporta\u00e7\u00f5es brasileiras para os Estados Unidos cresceram 9,5% em agosto deste ano, na compara\u00e7\u00e3o com o mesmo per\u00edodo de 2018. J\u00e1 as importa\u00e7\u00f5es de produtos daquele pa\u00eds aumentaram 27,9%. Ao mesmo tempo, o com\u00e9rcio com os outros parceiros importantes (China, Argentina e Uni\u00e3o Europeia) teve queda. Os dados foram divulgados hoje (16), no Rio [&hellip;]<\/p>\n","protected":false},"author":96,"featured_media":147791,"comment_status":"closed","ping_status":"closed","sticky":false,"template":"","format":"standard","meta":{"footnotes":""},"categories":[436,261,439],"tags":[],"class_list":["post-147790","post","type-post","status-publish","format-standard","has-post-thumbnail","hentry","category-destaque-da-semana","category-economia","category-ultima-hora"],"_links":{"self":[{"href":"https:\/\/diarioregionaldigital.com.br\/index.php?rest_route=\/wp\/v2\/posts\/147790","targetHints":{"allow":["GET"]}}],"collection":[{"href":"https:\/\/diarioregionaldigital.com.br\/index.php?rest_route=\/wp\/v2\/posts"}],"about":[{"href":"https:\/\/diarioregionaldigital.com.br\/index.php?rest_route=\/wp\/v2\/types\/post"}],"author":[{"embeddable":true,"href":"https:\/\/diarioregionaldigital.com.br\/index.php?rest_route=\/wp\/v2\/users\/96"}],"replies":[{"embeddable":true,"href":"https:\/\/diarioregionaldigital.com.br\/index.php?rest_route=%2Fwp%2Fv2%2Fcomments&post=147790"}],"version-history":[{"count":0,"href":"https:\/\/diarioregionaldigital.com.br\/index.php?rest_route=\/wp\/v2\/posts\/147790\/revisions"}],"wp:featuredmedia":[{"embeddable":true,"href":"https:\/\/diarioregionaldigital.com.br\/index.php?rest_route=\/wp\/v2\/media\/147791"}],"wp:attachment":[{"href":"https:\/\/diarioregionaldigital.com.br\/index.php?rest_route=%2Fwp%2Fv2%2Fmedia&parent=147790"}],"wp:term":[{"taxonomy":"category","embeddable":true,"href":"https:\/\/diarioregionaldigital.com.br\/index.php?rest_route=%2Fwp%2Fv2%2Fcategories&post=147790"},{"taxonomy":"post_tag","embeddable":true,"href":"https:\/\/diarioregionaldigital.com.br\/index.php?rest_route=%2Fwp%2Fv2%2Ftags&post=147790"}],"curies":[{"name":"wp","href":"https:\/\/api.w.org\/{rel}","templated":true}]}}