{"id":147780,"date":"2019-09-13T19:45:10","date_gmt":"2019-09-13T22:45:10","guid":{"rendered":"https:\/\/diarioregionaldigital.com.br\/?p=147780"},"modified":"2019-09-13T19:45:10","modified_gmt":"2019-09-13T22:45:10","slug":"quase-10-milhoes-de-pessoas-usarao-dinheiro-do-fgts-para-pagar-dividas","status":"publish","type":"post","link":"https:\/\/diarioregionaldigital.com.br\/?p=147780","title":{"rendered":"Quase 10 milh\u00f5es de pessoas usar\u00e3o dinheiro do FGTS para pagar d\u00edvidas"},"content":{"rendered":"<p>Quase 10 milh\u00f5es de brasileiros, cerca de 38% dos que pretendem utilizar o recurso liberado do Fundo de Garantia do Tempo de Servi\u00e7o (FGTS), v\u00e3o usar o dinheiro para quitar d\u00edvidas, mostra pesquisa da Confedera\u00e7\u00e3o Nacional de Dirigentes Lojistas (CNDL) e do Servi\u00e7o de Prote\u00e7\u00e3o ao Cr\u00e9dito (SPC Brasil). Segundo a pesquisa, 45% dos benefici\u00e1rios t\u00eam interesse em fazer o saque, que come\u00e7ou nesta sexta-feira (13).<\/p>\n<p>A pesquisa foi feita com 800 consumidores de ambos os sexos, de todas as classes sociais e acima de 18 anos em 12 capitais que, juntas, somam aproximadamente 80% da popula\u00e7\u00e3o brasileira. A margem de erro \u00e9 de no m\u00e1ximo 3,4 pontos percentuais para um intervalo de confian\u00e7a de 95%.<\/p>\n<p>Um ter\u00e7o dos benefici\u00e1rios (33%) deve guardar ou investir o dinheiro sacado, 24% v\u00e3o usar o recurso em despesas b\u00e1sicas do dia a dia e 17% pretender fazer compras em supermercados. A pesquisa revela ainda que 13% pretendem fazer compras de produtos e servi\u00e7os e 10% querem antecipar o pagamento de compras que n\u00e3o est\u00e3o em atraso.<\/p>\n<p>Em rela\u00e7\u00e3o \u00e0s d\u00edvidas que o benefici\u00e1rio pretende quitar, o cart\u00e3o de cr\u00e9dito \u00e9 o mais citado (42%) na pesquisa. Depois est\u00e3o as contas atrasadas de telefone (20%), contas de luz (18%), \u00e1gua (16%), empr\u00e9stimos banc\u00e1rios (16%) e empr\u00e9stimos com parentes ou amigos (16%). Em m\u00e9dia, 42% dos benefici\u00e1rios das contas do FGTS t\u00eam d\u00edvidas que n\u00e3o superam R$ 1 mil.<\/p>\n<p>Para o presidente do SPC Brasil, Roque Pellizzaro Junior, a libera\u00e7\u00e3o do saque do FGTS \u00e9 importante para aquecer a economia, pois, mesmo que grande parte dos recursos seja direcionada para sanar d\u00edvidas, isso recuperar\u00e1 o cr\u00e9dito dos consumidores. \u201cEsse dinheiro poder\u00e1 ser utilizado nas obriga\u00e7\u00f5es mais urgentes do consumidor, como limpar o nome ou para necessidades do dia a dia. Livre das d\u00edvidas, o consumidor poder\u00e1 retornar ao mercado de cr\u00e9dito, reaquecendo as vendas no varejo\u201d, estimou Pellizzaro em nota.<\/p>\n<h2>Interesse<\/h2>\n<p>O levantamento aponta que 45% dos trabalhadores que t\u00eam direito ao saque pretendem retirar os recursos do FGTS assim que estiverem dispon\u00edveis na conta, principalmente as mulheres (52%). Para 43%, n\u00e3o h\u00e1 interesse em fazer o saque no momento.<\/p>\n<p>Entre os que n\u00e3o pretendem retirar o dinheiro, 60% preferem deixar o dinheiro guardado no caso de demiss\u00e3o, pois avaliam que essa quantia far\u00e1 falta no futuro; 30% consideram o limite de R$ 500 muito baixo para valer a pena; 19% preferem deixar o saque para a aposentadoria e 6% querem evitar a burocracia e as longas filas nas ag\u00eancias banc\u00e1rias para fazer a retirada.<\/p>\n<h2>Saque-anivers\u00e1rio<\/h2>\n<p>Apenas 19% pretendem aderir \u00e0 nova modalidade \u2013 saque-anivers\u00e1rio \u2013 disponibilizada pelo governo federal a partir de abril de 2020. Para 64%, a inten\u00e7\u00e3o \u00e9 abrir m\u00e3o da possibilidade de sacar todos os anos uma parte do benef\u00edcio e deixar para retirar os recursos apenas em caso de demiss\u00e3o. Cerca de 17% est\u00e3o indecisos.<\/p>\n<p>Nessa modalidade, o trabalhador pode resgatar uma parcela do Fundo de Garantia todos os anos, sempre no m\u00eas do seu anivers\u00e1rio. O valor a ser resgatado depende da quantia que cada pessoa tem guardada.<\/p>\n<p>Quem adere a esse tipo de resgate, abre m\u00e3o do direito de receber toda a quantia que tem no FGTS de uma vez em caso de demiss\u00e3o. Nesse caso, ter\u00e1 direito a 40% do valor depositado, que \u00e9 a multa paga pelo empregador. Al\u00e9m disso, caso queira voltar ao modelo antigo, o trabalhador ter\u00e1 de aguardar dois anos.<\/p>\n<p>Fonte: Ag\u00eancia Brasil<\/p>\n","protected":false},"excerpt":{"rendered":"<p>Quase 10 milh\u00f5es de brasileiros, cerca de 38% dos que pretendem utilizar o recurso liberado do Fundo de Garantia do Tempo de Servi\u00e7o (FGTS), v\u00e3o usar o dinheiro para quitar d\u00edvidas, mostra pesquisa da Confedera\u00e7\u00e3o Nacional de Dirigentes Lojistas (CNDL) e do Servi\u00e7o de Prote\u00e7\u00e3o ao Cr\u00e9dito (SPC Brasil). Segundo a pesquisa, 45% dos benefici\u00e1rios [&hellip;]<\/p>\n","protected":false},"author":96,"featured_media":147781,"comment_status":"closed","ping_status":"closed","sticky":false,"template":"","format":"standard","meta":{"footnotes":""},"categories":[436,440,261,439],"tags":[],"class_list":["post-147780","post","type-post","status-publish","format-standard","has-post-thumbnail","hentry","category-destaque-da-semana","category-destaques-do-dia","category-economia","category-ultima-hora"],"_links":{"self":[{"href":"https:\/\/diarioregionaldigital.com.br\/index.php?rest_route=\/wp\/v2\/posts\/147780","targetHints":{"allow":["GET"]}}],"collection":[{"href":"https:\/\/diarioregionaldigital.com.br\/index.php?rest_route=\/wp\/v2\/posts"}],"about":[{"href":"https:\/\/diarioregionaldigital.com.br\/index.php?rest_route=\/wp\/v2\/types\/post"}],"author":[{"embeddable":true,"href":"https:\/\/diarioregionaldigital.com.br\/index.php?rest_route=\/wp\/v2\/users\/96"}],"replies":[{"embeddable":true,"href":"https:\/\/diarioregionaldigital.com.br\/index.php?rest_route=%2Fwp%2Fv2%2Fcomments&post=147780"}],"version-history":[{"count":0,"href":"https:\/\/diarioregionaldigital.com.br\/index.php?rest_route=\/wp\/v2\/posts\/147780\/revisions"}],"wp:featuredmedia":[{"embeddable":true,"href":"https:\/\/diarioregionaldigital.com.br\/index.php?rest_route=\/wp\/v2\/media\/147781"}],"wp:attachment":[{"href":"https:\/\/diarioregionaldigital.com.br\/index.php?rest_route=%2Fwp%2Fv2%2Fmedia&parent=147780"}],"wp:term":[{"taxonomy":"category","embeddable":true,"href":"https:\/\/diarioregionaldigital.com.br\/index.php?rest_route=%2Fwp%2Fv2%2Fcategories&post=147780"},{"taxonomy":"post_tag","embeddable":true,"href":"https:\/\/diarioregionaldigital.com.br\/index.php?rest_route=%2Fwp%2Fv2%2Ftags&post=147780"}],"curies":[{"name":"wp","href":"https:\/\/api.w.org\/{rel}","templated":true}]}}