{"id":147778,"date":"2019-09-13T19:41:03","date_gmt":"2019-09-13T22:41:03","guid":{"rendered":"https:\/\/diarioregionaldigital.com.br\/?p=147778"},"modified":"2019-09-13T19:41:03","modified_gmt":"2019-09-13T22:41:03","slug":"endividamento-e-inadimplencia-do-consumidor-tem-alta-em-agosto","status":"publish","type":"post","link":"https:\/\/diarioregionaldigital.com.br\/?p=147778","title":{"rendered":"Endividamento e inadimpl\u00eancia do consumidor t\u00eam alta em agosto"},"content":{"rendered":"<p>A parcela de fam\u00edlias endividadas e inadimplentes (com d\u00edvidas em atraso) aumentou em agosto deste ano, segundo dados da Pesquisa de Endividamento e Inadimpl\u00eancia do Consumidor (Peic). O estudo foi divulgado nessa sexta-feira (13) pela Confedera\u00e7\u00e3o Nacional do Com\u00e9rcio de Bens, Servi\u00e7os e Turismo (CNC).<\/p>\n<p>O percentual de fam\u00edlias com d\u00edvidas (n\u00e3o necessariamente em atraso) chegou a 64,8% em agosto, acima dos 64,1% de julho deste ano e dos 60,7% de agosto do ano passado. J\u00e1 os inadimplentes chegaram a 24,3%, taxa superior aos 23,9% de julho e aos 23,8% de agosto do ano passado.<\/p>\n<p>Por outro lado, o percentual de fam\u00edlias que declararam n\u00e3o ter condi\u00e7\u00f5es de pagar suas contas ou d\u00edvidas em atraso diminuiu para 9,5% em agosto. Em julho deste ano, eram 9,6% e, em agosto de 2018, eram 9,8%.<\/p>\n<p>Segundo o presidente da CNC, Jos\u00e9 Roberto Tadros, mesmo com o aumento do endividamento e da inadimpl\u00eancia, as fam\u00edlias brasileiras se mostraram mais otimistas em rela\u00e7\u00e3o \u00e0 sua capacidade de pagamento. \u201cA redu\u00e7\u00e3o do comprometimento de renda na compara\u00e7\u00e3o mensal e a perspectiva de renda extra com os recursos do Fundo de Garantia do Tempo de Servi\u00e7o (FGTS) e do PIS\/Pasep ajudam a explicar esse resultado\u201d.<\/p>\n<p>Entre as fam\u00edlias com contas ou d\u00edvidas em atraso, o tempo m\u00e9dio de atraso diminuiu, nas compara\u00e7\u00f5es mensal e anual, de 64,4 dias, em agosto de 2018, e de 64 dias em julho para 63,2 dias em agosto deste ano.<\/p>\n<p>Tamb\u00e9m foi reduzido o tempo m\u00e9dio de comprometimento com as d\u00edvidas, de 7,1 meses em agosto de 2018 e 7 meses em julho deste ano para 6,9 meses em agosto deste ano.<\/p>\n<p>Fonte: Ag\u00eancia Brasil<\/p>\n","protected":false},"excerpt":{"rendered":"<p>A parcela de fam\u00edlias endividadas e inadimplentes (com d\u00edvidas em atraso) aumentou em agosto deste ano, segundo dados da Pesquisa de Endividamento e Inadimpl\u00eancia do Consumidor (Peic). O estudo foi divulgado nessa sexta-feira (13) pela Confedera\u00e7\u00e3o Nacional do Com\u00e9rcio de Bens, Servi\u00e7os e Turismo (CNC). O percentual de fam\u00edlias com d\u00edvidas (n\u00e3o necessariamente em atraso) [&hellip;]<\/p>\n","protected":false},"author":96,"featured_media":146574,"comment_status":"closed","ping_status":"closed","sticky":false,"template":"","format":"standard","meta":{"footnotes":""},"categories":[436,261,439],"tags":[],"class_list":["post-147778","post","type-post","status-publish","format-standard","has-post-thumbnail","hentry","category-destaque-da-semana","category-economia","category-ultima-hora"],"_links":{"self":[{"href":"https:\/\/diarioregionaldigital.com.br\/index.php?rest_route=\/wp\/v2\/posts\/147778","targetHints":{"allow":["GET"]}}],"collection":[{"href":"https:\/\/diarioregionaldigital.com.br\/index.php?rest_route=\/wp\/v2\/posts"}],"about":[{"href":"https:\/\/diarioregionaldigital.com.br\/index.php?rest_route=\/wp\/v2\/types\/post"}],"author":[{"embeddable":true,"href":"https:\/\/diarioregionaldigital.com.br\/index.php?rest_route=\/wp\/v2\/users\/96"}],"replies":[{"embeddable":true,"href":"https:\/\/diarioregionaldigital.com.br\/index.php?rest_route=%2Fwp%2Fv2%2Fcomments&post=147778"}],"version-history":[{"count":0,"href":"https:\/\/diarioregionaldigital.com.br\/index.php?rest_route=\/wp\/v2\/posts\/147778\/revisions"}],"wp:featuredmedia":[{"embeddable":true,"href":"https:\/\/diarioregionaldigital.com.br\/index.php?rest_route=\/wp\/v2\/media\/146574"}],"wp:attachment":[{"href":"https:\/\/diarioregionaldigital.com.br\/index.php?rest_route=%2Fwp%2Fv2%2Fmedia&parent=147778"}],"wp:term":[{"taxonomy":"category","embeddable":true,"href":"https:\/\/diarioregionaldigital.com.br\/index.php?rest_route=%2Fwp%2Fv2%2Fcategories&post=147778"},{"taxonomy":"post_tag","embeddable":true,"href":"https:\/\/diarioregionaldigital.com.br\/index.php?rest_route=%2Fwp%2Fv2%2Ftags&post=147778"}],"curies":[{"name":"wp","href":"https:\/\/api.w.org\/{rel}","templated":true}]}}