{"id":147775,"date":"2019-09-13T19:38:23","date_gmt":"2019-09-13T22:38:23","guid":{"rendered":"https:\/\/diarioregionaldigital.com.br\/?p=147775"},"modified":"2019-09-13T19:38:23","modified_gmt":"2019-09-13T22:38:23","slug":"abate-de-bovinos-e-suinos-cresce-no-segundo-trimestre-no-pais","status":"publish","type":"post","link":"https:\/\/diarioregionaldigital.com.br\/?p=147775","title":{"rendered":"Abate de bovinos e su\u00ednos cresce no segundo trimestre no pa\u00eds"},"content":{"rendered":"<p>O abate de bovinos e su\u00ednos cresceu no segundo trimestre deste ano no pa\u00eds, tanto na compara\u00e7\u00e3o com o primeiro trimestre quanto em rela\u00e7\u00e3o ao segundo trimestre de 2018. Os dados do setor pecu\u00e1rio foram divulgados na quinta-feira (12) pelo Instituto Brasileiro de Geografia e Estat\u00edstica (IBGE).<\/p>\n<p>O total de bois, vacas e novilhos abatidos no segundo trimestre deste ano chegou a 8,04 milh\u00f5es de animais, 1,4% a mais do que no trimestre anterior e 3,5% superior ao segundo trimestre do ano passado.<\/p>\n<p>No segundo trimestre deste ano, foram abatidos 11,39 milh\u00f5es de porcos, ou seja, 0,9% a mais do que no trimestre anterior e 5,2% a mais do que no segundo trimestre de 2018.<\/p>\n<p>J\u00e1 o total de frangos abatidos (1,42 bilh\u00e3o de animais) tamb\u00e9m cresceu em rela\u00e7\u00e3o ao ano anterior (3,4%), mas caiu em rela\u00e7\u00e3o ao primeiro trimestre deste ano (-0,9%).<\/p>\n<h2>Outros dados<\/h2>\n<p>A aquisi\u00e7\u00e3o de leite somou 5,85 bilh\u00f5es de litros no segundo trimestre de 2019, uma alta de 6,9% em rela\u00e7\u00e3o ao mesmo per\u00edodo do ano passado e uma queda de 5,8% na compara\u00e7\u00e3o com o primeiro trimestre deste ano.<\/p>\n<p>A produ\u00e7\u00e3o de ovos (942,45 mil d\u00fazias) foi superior em 7,2% ao volume do mesmo per\u00edodo do ano passado e em 1,9% na compara\u00e7\u00e3o com o primeiro trimestre deste ano.<\/p>\n<p>Fonte: Ag\u00eancia Brasil<\/p>\n","protected":false},"excerpt":{"rendered":"<p>O abate de bovinos e su\u00ednos cresceu no segundo trimestre deste ano no pa\u00eds, tanto na compara\u00e7\u00e3o com o primeiro trimestre quanto em rela\u00e7\u00e3o ao segundo trimestre de 2018. Os dados do setor pecu\u00e1rio foram divulgados na quinta-feira (12) pelo Instituto Brasileiro de Geografia e Estat\u00edstica (IBGE). O total de bois, vacas e novilhos abatidos [&hellip;]<\/p>\n","protected":false},"author":96,"featured_media":147776,"comment_status":"closed","ping_status":"closed","sticky":false,"template":"","format":"standard","meta":{"footnotes":""},"categories":[436,261,439],"tags":[],"class_list":["post-147775","post","type-post","status-publish","format-standard","has-post-thumbnail","hentry","category-destaque-da-semana","category-economia","category-ultima-hora"],"_links":{"self":[{"href":"https:\/\/diarioregionaldigital.com.br\/index.php?rest_route=\/wp\/v2\/posts\/147775","targetHints":{"allow":["GET"]}}],"collection":[{"href":"https:\/\/diarioregionaldigital.com.br\/index.php?rest_route=\/wp\/v2\/posts"}],"about":[{"href":"https:\/\/diarioregionaldigital.com.br\/index.php?rest_route=\/wp\/v2\/types\/post"}],"author":[{"embeddable":true,"href":"https:\/\/diarioregionaldigital.com.br\/index.php?rest_route=\/wp\/v2\/users\/96"}],"replies":[{"embeddable":true,"href":"https:\/\/diarioregionaldigital.com.br\/index.php?rest_route=%2Fwp%2Fv2%2Fcomments&post=147775"}],"version-history":[{"count":0,"href":"https:\/\/diarioregionaldigital.com.br\/index.php?rest_route=\/wp\/v2\/posts\/147775\/revisions"}],"wp:featuredmedia":[{"embeddable":true,"href":"https:\/\/diarioregionaldigital.com.br\/index.php?rest_route=\/wp\/v2\/media\/147776"}],"wp:attachment":[{"href":"https:\/\/diarioregionaldigital.com.br\/index.php?rest_route=%2Fwp%2Fv2%2Fmedia&parent=147775"}],"wp:term":[{"taxonomy":"category","embeddable":true,"href":"https:\/\/diarioregionaldigital.com.br\/index.php?rest_route=%2Fwp%2Fv2%2Fcategories&post=147775"},{"taxonomy":"post_tag","embeddable":true,"href":"https:\/\/diarioregionaldigital.com.br\/index.php?rest_route=%2Fwp%2Fv2%2Ftags&post=147775"}],"curies":[{"name":"wp","href":"https:\/\/api.w.org\/{rel}","templated":true}]}}