{"id":147771,"date":"2019-09-13T19:30:36","date_gmt":"2019-09-13T22:30:36","guid":{"rendered":"https:\/\/diarioregionaldigital.com.br\/?p=147771"},"modified":"2019-09-13T19:30:36","modified_gmt":"2019-09-13T22:30:36","slug":"flamengo-e-santos-se-enfrentam-em-clima-de-decisao-no-maracana","status":"publish","type":"post","link":"https:\/\/diarioregionaldigital.com.br\/?p=147771","title":{"rendered":"Flamengo e Santos se enfrentam em clima de decis\u00e3o no Maracan\u00e3"},"content":{"rendered":"<p>O Flamengo deve entrar em campo com for\u00e7a m\u00e1xima para o jogo contra o Santos, neste\u00a0s\u00e1bado\u00a0(14), \u00e0s 17h, no Maracan\u00e3. Com os retornos de Bruno Henrique, Arrascaeta e Berr\u00edo, que estavam defendendo suas sele\u00e7\u00f5es nacionais, o t\u00e9cnico Jorge Jesus\u00a0ter\u00e1 \u00e0 disposi\u00e7\u00e3o todos os jogadores do elenco. A tend\u00eancia \u00e9 que o Rubro-Negro inicie a partida escalado com Diego Alves, Rafinha, Rodrigo Caio, Pablo Mar\u00ed e Filipe Lu\u00eds; Willian Ar\u00e3o, Gerson, Everton Ribeiro e Arrascaeta; Bruno Henrique e Gabriel Barbosa.<\/p>\n<p>Com 41 gols marcados no Campeonato Brasileiro, o Flamengo tem o melhor ataque da competi\u00e7\u00e3o. O segundo melhor aproveitamento no setor ofensivo \u00e9 o do Santos, que j\u00e1 balan\u00e7ou as redes dos advers\u00e1rios 30 vezes. S\u00e3o 11 gols a menos que o Flamengo, mas \u00c9verton Ribeiro acredita que haver\u00e1 equil\u00edbrio na disputa.<\/p>\n<p>\u201cEu vejo muitos times com ataques poderosos, que fazem diferen\u00e7a nos jogos, mas a nossa equipe \u00e9 equilibrada. S\u00f3 temos bons n\u00fameros na frente porque nossa defesa vem sabendo construir a jogada, desde o Diego Alves at\u00e9 chegar ao gol. Temos ainda muito a melhorar, mas somos muito equilibrados e sabemos que h\u00e1 outras equipes que sabem atacar e fazem grandes jogos\u201d.<\/p>\n<p>Do lado do Santos, o atacante Marinho sabe que o embate\u00a0\u00a0vai ser complicado. Inclusive, jogou o favoritismo para o Flamengo no confronto deste\u00a0s\u00e1bado. A partida vale o t\u00edtulo simb\u00f3lico do primeiro turno do Campeonato Brasileiro. Se vencer, o Santos assume a ponta da classifica\u00e7\u00e3o, e Marinho est\u00e1 preparado para a press\u00e3o no Maracan\u00e3.<\/p>\n<p>\u201cProvavelmente vai ser o jogo mais dif\u00edcil do primeiro turno, pelo investimento e pela torcida eles s\u00e3o os favoritos. Todo time que joga em casa \u00e9 favorito e tamb\u00e9m pelo que voc\u00eas da imprensa falam diariamente. Minha expectativa vai ser sempre a melhor para a equipe. Vamos fazer o nosso melhor l\u00e1 e o que vale \u00e9 poder surpreender, conseguir a vit\u00f3ria e todo mundo sair feliz\u201d.<\/p>\n<p>Por mais que seja simb\u00f3lico, o \u201ct\u00edtulo\u201d do primeiro turno do Campeonato Brasileiro sinaliza o que pode ocorrer no fim da competi\u00e7\u00e3o. Desde 2003, quando passou a ser disputado em pontos corridos, apenas em quatro vezes\u00a0o campe\u00e3o do primeiro turno perdeu o t\u00edtulo do Brasileir\u00e3o\u00a0(2008, 2009, 2012\u00a0e 2018). A tend\u00eancia \u00e9 o l\u00edder da primeira fase abrir vantagem e levantar o caneco na \u00faltima rodada.<\/p>\n<p>Fonte: Ag\u00eancia Brasil<\/p>\n","protected":false},"excerpt":{"rendered":"<p>O Flamengo deve entrar em campo com for\u00e7a m\u00e1xima para o jogo contra o Santos, neste\u00a0s\u00e1bado\u00a0(14), \u00e0s 17h, no Maracan\u00e3. Com os retornos de Bruno Henrique, Arrascaeta e Berr\u00edo, que estavam defendendo suas sele\u00e7\u00f5es nacionais, o t\u00e9cnico Jorge Jesus\u00a0ter\u00e1 \u00e0 disposi\u00e7\u00e3o todos os jogadores do elenco. A tend\u00eancia \u00e9 que o Rubro-Negro inicie a partida [&hellip;]<\/p>\n","protected":false},"author":96,"featured_media":146271,"comment_status":"closed","ping_status":"closed","sticky":false,"template":"","format":"standard","meta":{"footnotes":""},"categories":[436,261,439],"tags":[],"class_list":["post-147771","post","type-post","status-publish","format-standard","has-post-thumbnail","hentry","category-destaque-da-semana","category-economia","category-ultima-hora"],"_links":{"self":[{"href":"https:\/\/diarioregionaldigital.com.br\/index.php?rest_route=\/wp\/v2\/posts\/147771","targetHints":{"allow":["GET"]}}],"collection":[{"href":"https:\/\/diarioregionaldigital.com.br\/index.php?rest_route=\/wp\/v2\/posts"}],"about":[{"href":"https:\/\/diarioregionaldigital.com.br\/index.php?rest_route=\/wp\/v2\/types\/post"}],"author":[{"embeddable":true,"href":"https:\/\/diarioregionaldigital.com.br\/index.php?rest_route=\/wp\/v2\/users\/96"}],"replies":[{"embeddable":true,"href":"https:\/\/diarioregionaldigital.com.br\/index.php?rest_route=%2Fwp%2Fv2%2Fcomments&post=147771"}],"version-history":[{"count":0,"href":"https:\/\/diarioregionaldigital.com.br\/index.php?rest_route=\/wp\/v2\/posts\/147771\/revisions"}],"wp:featuredmedia":[{"embeddable":true,"href":"https:\/\/diarioregionaldigital.com.br\/index.php?rest_route=\/wp\/v2\/media\/146271"}],"wp:attachment":[{"href":"https:\/\/diarioregionaldigital.com.br\/index.php?rest_route=%2Fwp%2Fv2%2Fmedia&parent=147771"}],"wp:term":[{"taxonomy":"category","embeddable":true,"href":"https:\/\/diarioregionaldigital.com.br\/index.php?rest_route=%2Fwp%2Fv2%2Fcategories&post=147771"},{"taxonomy":"post_tag","embeddable":true,"href":"https:\/\/diarioregionaldigital.com.br\/index.php?rest_route=%2Fwp%2Fv2%2Ftags&post=147771"}],"curies":[{"name":"wp","href":"https:\/\/api.w.org\/{rel}","templated":true}]}}