{"id":147768,"date":"2019-09-13T19:19:52","date_gmt":"2019-09-13T22:19:52","guid":{"rendered":"https:\/\/diarioregionaldigital.com.br\/?p=147768"},"modified":"2019-09-13T19:19:52","modified_gmt":"2019-09-13T22:19:52","slug":"baixa-umidade-do-ar-cesama-orienta-sobre-uso-racional-e-pede-economia-de-agua","status":"publish","type":"post","link":"https:\/\/diarioregionaldigital.com.br\/?p=147768","title":{"rendered":"Baixa umidade do ar &#8211; Cesama orienta sobre uso racional e pede economia de \u00e1gua"},"content":{"rendered":"<p>As altas temperaturas registradas em Juiz de Fora nos \u00faltimos dias, aliadas \u00e0 baixa umidade relativa do ar, levaram ao aumento no consumo de \u00e1gua, causando reflexos e desabastecimento em algumas regi\u00f5es da cidade. A Companhia de Saneamento Municipal (Cesama) est\u00e1 monitorando a situa\u00e7\u00e3o e orienta a popula\u00e7\u00e3o para que economize \u00e1gua, at\u00e9 que o sistema esteja totalmente regularizado.<\/p>\n<p>O diretor t\u00e9cnico-operacional da Cesama, M\u00e1rcio Pessoa, explicou que, al\u00e9m do calor intenso e da umidade baixa do ar, outros fatores contribuem para o desequil\u00edbrio do sistema: \u201cA Represa de S\u00e3o Pedro est\u00e1 com n\u00edvel de 28,6% de reserva\u00e7\u00e3o, cerca de oito pontos percentuais a menos do que apresentava no mesmo per\u00edodo do ano passado, quando tinha 36,9% do volume total acumulado. Hoje, j\u00e1 estamos complementando o abastecimento da Cidade Alta com \u00e1gua do sistema central, e isso j\u00e1 \u00e9 motivo para ficarmos alerta. O n\u00edvel de Chap\u00e9u d\u2019Uvas est\u00e1 dentro do esperado para essa \u00e9poca do ano, assim como o da Represa Jo\u00e3o Penido, que conta com aux\u00edlio da interliga\u00e7\u00e3o da adutora de Chap\u00e9u d\u2019Uvas, para que seu volume seja preservado\u201d.<\/p>\n<p>Al\u00e9m disso, a Esta\u00e7\u00e3o de Tratamento de \u00c1gua (ETA) \u201cMarechal Castelo\u201d est\u00e1 operando com um filtro a menos, em virtude de sua reforma. \u201cAo todo, seis filtros da unidade ser\u00e3o reformados. A Cesama iniciou os trabalhos em julho, e escolheu o per\u00edodo de inverno exatamente para n\u00e3o causar preju\u00edzos ao sistema, sendo que a ideia \u00e9 chegar ao per\u00edodo de ver\u00e3o com as obras conclu\u00eddas e o sistema refor\u00e7ado\u201d, explicou Pessoa.<\/p>\n<p>Trabalhos rotineiros, como reparos, substitui\u00e7\u00e3o de redes de \u00e1gua e manuten\u00e7\u00e3o de bombas tamb\u00e9m acabam interferindo no funcionamento do sistema, especialmente em dias de maior consumo.<\/p>\n<p><b>Dicas de economia<\/b><\/p>\n<p><i>Confira algumas atitudes que podem ser adotadas para evitar o desperd\u00edcio de \u00e1gua:<\/i><\/p>\n<p><b>.<\/b>\u00a0Ao escovar os dentes, abra a torneira apenas para enxaguar a boca e lavar a escova;<\/p>\n<p><b>.<\/b>\u00a0Feche a torneira, para que ela n\u00e3o fique pingando, e, ao fazer a barba, evite deix\u00e1-la aberta;<\/p>\n<p><b>.<\/b>\u00a0Na hora do banho, fique com o chuveiro aberto somente o tempo necess\u00e1rio;<\/p>\n<p><b>.<\/b>\u00a0Para lavar o carro, use balde ao inv\u00e9s da mangueira;<\/p>\n<p><b>.<\/b>\u00a0Regue o jardim das 6 \u00e0s 8 horas, ou ap\u00f3s as 19 horas. Isso evita o excesso de evapora\u00e7\u00e3o e mais gastos;<\/p>\n<p><b>.<\/b>\u00a0N\u00e3o d\u00ea descargas prolongadas. Se poss\u00edvel, utilize caixa acoplada, que consome menos \u00e1gua;<\/p>\n<p><b>.<\/b>\u00a0Ao lavar a roupa na m\u00e1quina, use toda a capacidade da lavadora;<\/p>\n<p><b>.<\/b>\u00a0Reaproveite a \u00e1gua do tanque e da m\u00e1quina, para lavar cal\u00e7adas e p\u00e1tios;<\/p>\n<p><b>.<\/b>\u00a0Fa\u00e7a checagem geral nas instala\u00e7\u00f5es hidr\u00e1ulicas da casa. E, ao construir ou reformar, d\u00ea prefer\u00eancia a torneiras e descargas que consumam menos \u00e1gua.<\/p>\n<p>Fonte: PJF<\/p>\n","protected":false},"excerpt":{"rendered":"<p>As altas temperaturas registradas em Juiz de Fora nos \u00faltimos dias, aliadas \u00e0 baixa umidade relativa do ar, levaram ao aumento no consumo de \u00e1gua, causando reflexos e desabastecimento em algumas regi\u00f5es da cidade. A Companhia de Saneamento Municipal (Cesama) est\u00e1 monitorando a situa\u00e7\u00e3o e orienta a popula\u00e7\u00e3o para que economize \u00e1gua, at\u00e9 que o [&hellip;]<\/p>\n","protected":false},"author":96,"featured_media":147769,"comment_status":"closed","ping_status":"closed","sticky":false,"template":"","format":"standard","meta":{"footnotes":""},"categories":[253,436,440,439],"tags":[],"class_list":["post-147768","post","type-post","status-publish","format-standard","has-post-thumbnail","hentry","category-cidade","category-destaque-da-semana","category-destaques-do-dia","category-ultima-hora"],"_links":{"self":[{"href":"https:\/\/diarioregionaldigital.com.br\/index.php?rest_route=\/wp\/v2\/posts\/147768","targetHints":{"allow":["GET"]}}],"collection":[{"href":"https:\/\/diarioregionaldigital.com.br\/index.php?rest_route=\/wp\/v2\/posts"}],"about":[{"href":"https:\/\/diarioregionaldigital.com.br\/index.php?rest_route=\/wp\/v2\/types\/post"}],"author":[{"embeddable":true,"href":"https:\/\/diarioregionaldigital.com.br\/index.php?rest_route=\/wp\/v2\/users\/96"}],"replies":[{"embeddable":true,"href":"https:\/\/diarioregionaldigital.com.br\/index.php?rest_route=%2Fwp%2Fv2%2Fcomments&post=147768"}],"version-history":[{"count":0,"href":"https:\/\/diarioregionaldigital.com.br\/index.php?rest_route=\/wp\/v2\/posts\/147768\/revisions"}],"wp:featuredmedia":[{"embeddable":true,"href":"https:\/\/diarioregionaldigital.com.br\/index.php?rest_route=\/wp\/v2\/media\/147769"}],"wp:attachment":[{"href":"https:\/\/diarioregionaldigital.com.br\/index.php?rest_route=%2Fwp%2Fv2%2Fmedia&parent=147768"}],"wp:term":[{"taxonomy":"category","embeddable":true,"href":"https:\/\/diarioregionaldigital.com.br\/index.php?rest_route=%2Fwp%2Fv2%2Fcategories&post=147768"},{"taxonomy":"post_tag","embeddable":true,"href":"https:\/\/diarioregionaldigital.com.br\/index.php?rest_route=%2Fwp%2Fv2%2Ftags&post=147768"}],"curies":[{"name":"wp","href":"https:\/\/api.w.org\/{rel}","templated":true}]}}