{"id":147765,"date":"2019-09-13T19:14:45","date_gmt":"2019-09-13T22:14:45","guid":{"rendered":"https:\/\/diarioregionaldigital.com.br\/?p=147765"},"modified":"2019-09-13T19:14:45","modified_gmt":"2019-09-13T22:14:45","slug":"ubs-do-vale-verde-recebe-visita-do-fiscaliza-jf","status":"publish","type":"post","link":"https:\/\/diarioregionaldigital.com.br\/?p=147765","title":{"rendered":"UBS do Vale Verde recebe visita do Fiscaliza JF"},"content":{"rendered":"<p>O Fiscaliza JF, programa da C\u00e2mara Municipal, visitou a Unidade B\u00e1sica de Sa\u00fade (UBS) do bairro Vale Verde na tarde desta quinta-feira, 12. O objetivo foi identificar problemas na UBS a fim de cobrar melhorias do Poder Executivo. Estiveram presentes o presidente da C\u00e2mara Municipal, Luiz Ot\u00e1vio Fernandes Coelho &#8211; Pardal (PTC), e representantes do vereador Marlon Siqueira (MDB).<\/p>\n<p>A UBS atende aos moradores de tr\u00eas bairros de Juiz de Fora, sendo refer\u00eancia para cerca de 12 mil pessoas. A Unidade, no entanto, h\u00e1 seis meses conta com s\u00f3 um m\u00e9dico. O profissional consegue atender cerca de 10 pessoas por dia, priorizando as demandas mais urgentes. Assim, fica invi\u00e1vel o acompanhamento dos moradores e a preven\u00e7\u00e3o de doen\u00e7as. Os moradores reclamam, ainda, da grande rotatividade de m\u00e9dicos, que dificulta a cria\u00e7\u00e3o de v\u00ednculo entre os profissionais e as fam\u00edlias.<\/p>\n<p>Outro problema identificado na UBS \u00e9 a falta de seguran\u00e7a. Para resolver a situa\u00e7\u00e3o, os moradores solicitam a presen\u00e7a de guardas municipais no local e a ilumina\u00e7\u00e3o da rua. Como observaram os servidores do Fiscaliza JF, os postes localizados em frente \u00e0 UBS est\u00e3o sem l\u00e2mpadas. Outras quest\u00f5es estruturais que precisam ser resolvidas s\u00e3o o defeito na descarga do banheiro masculino e a infiltra\u00e7\u00e3o na sala de vacina. Al\u00e9m disso, os profissionais de sa\u00fade reclamam da aus\u00eancia de medicamentos &#8211; em especial, da falta de fita glic\u00eamica, que n\u00e3o \u00e9 enviada \u00e0 Unidade h\u00e1 mais de um ano.<\/p>\n<p>Durante a visita, foram ouvidos representantes do Conselho de Sa\u00fade do Vale Verde, agentes de sa\u00fade e o m\u00e9dico que atende na UBS. Com as imagens e observa\u00e7\u00f5es realizadas na visita, os servidores ir\u00e3o elaborar um relat\u00f3rio que ser\u00e1 enviado ao Executivo. O objetivo \u00e9 pedir informa\u00e7\u00e3o sobre a situa\u00e7\u00e3o do equipamento p\u00fablico, al\u00e9m de motivar que medidas sejam tomadas para melhoria da UBS.<\/p>\n<p>Para fazer pedidos de fiscaliza\u00e7\u00e3o ao Fiscaliza JF, basta entrar em contato por meio do n\u00famero 3250-2908, comparecer \u00e0 C\u00e2mara Municipal ou fazer a solicita\u00e7\u00e3o pela\u00a0<a href=\"http:\/\/www.camarajf.mg.gov.br\/fiscalizajf\/index.php\">internet<\/a>.<\/p>\n<p>Fonte: CMJF<\/p>\n","protected":false},"excerpt":{"rendered":"<p>O Fiscaliza JF, programa da C\u00e2mara Municipal, visitou a Unidade B\u00e1sica de Sa\u00fade (UBS) do bairro Vale Verde na tarde desta quinta-feira, 12. O objetivo foi identificar problemas na UBS a fim de cobrar melhorias do Poder Executivo. Estiveram presentes o presidente da C\u00e2mara Municipal, Luiz Ot\u00e1vio Fernandes Coelho &#8211; Pardal (PTC), e representantes do [&hellip;]<\/p>\n","protected":false},"author":96,"featured_media":147766,"comment_status":"closed","ping_status":"closed","sticky":false,"template":"","format":"standard","meta":{"footnotes":""},"categories":[253,436,439],"tags":[],"class_list":["post-147765","post","type-post","status-publish","format-standard","has-post-thumbnail","hentry","category-cidade","category-destaque-da-semana","category-ultima-hora"],"_links":{"self":[{"href":"https:\/\/diarioregionaldigital.com.br\/index.php?rest_route=\/wp\/v2\/posts\/147765","targetHints":{"allow":["GET"]}}],"collection":[{"href":"https:\/\/diarioregionaldigital.com.br\/index.php?rest_route=\/wp\/v2\/posts"}],"about":[{"href":"https:\/\/diarioregionaldigital.com.br\/index.php?rest_route=\/wp\/v2\/types\/post"}],"author":[{"embeddable":true,"href":"https:\/\/diarioregionaldigital.com.br\/index.php?rest_route=\/wp\/v2\/users\/96"}],"replies":[{"embeddable":true,"href":"https:\/\/diarioregionaldigital.com.br\/index.php?rest_route=%2Fwp%2Fv2%2Fcomments&post=147765"}],"version-history":[{"count":0,"href":"https:\/\/diarioregionaldigital.com.br\/index.php?rest_route=\/wp\/v2\/posts\/147765\/revisions"}],"wp:featuredmedia":[{"embeddable":true,"href":"https:\/\/diarioregionaldigital.com.br\/index.php?rest_route=\/wp\/v2\/media\/147766"}],"wp:attachment":[{"href":"https:\/\/diarioregionaldigital.com.br\/index.php?rest_route=%2Fwp%2Fv2%2Fmedia&parent=147765"}],"wp:term":[{"taxonomy":"category","embeddable":true,"href":"https:\/\/diarioregionaldigital.com.br\/index.php?rest_route=%2Fwp%2Fv2%2Fcategories&post=147765"},{"taxonomy":"post_tag","embeddable":true,"href":"https:\/\/diarioregionaldigital.com.br\/index.php?rest_route=%2Fwp%2Fv2%2Ftags&post=147765"}],"curies":[{"name":"wp","href":"https:\/\/api.w.org\/{rel}","templated":true}]}}