{"id":147757,"date":"2019-09-13T18:41:51","date_gmt":"2019-09-13T21:41:51","guid":{"rendered":"https:\/\/diarioregionaldigital.com.br\/?p=147757"},"modified":"2019-09-13T18:41:51","modified_gmt":"2019-09-13T21:41:51","slug":"governadores-da-amazonia-reunem-se-com-embaixadores-europeus","status":"publish","type":"post","link":"https:\/\/diarioregionaldigital.com.br\/?p=147757","title":{"rendered":"Governadores da Amaz\u00f4nia re\u00fanem-se com embaixadores europeus"},"content":{"rendered":"<p>Governadores e vice-governadores dos estados da Amaz\u00f4nia Legal reuniram-se na manh\u00e3 desta sexta-feira (13) com os embaixadores da Alemanha, da Noruega e do Reino Unido para discutir financiamentos para programas de desenvolvimento sustent\u00e1vel na regi\u00e3o. O encontro foi na Embaixada da Noruega, em Bras\u00edlia.<\/p>\n<p>Ap\u00f3s a reuni\u00e3o, o governador do Par\u00e1, Helder Barbalho, disse que os repasses ao Fundo Amaz\u00f4nia, projeto de coopera\u00e7\u00e3o internacional para preserva\u00e7\u00e3o da floresta, devem ser retomados em breve. Os principais pa\u00edses doadores do fundo, Alemanha e Noruega, anunciaram a suspens\u00e3o de seus repasses em agosto ap\u00f3s a divulga\u00e7\u00e3o das\u00a0taxas de desmatamento na regi\u00e3o.<\/p>\n<p>\u201cEles est\u00e3o em conclus\u00e3o de di\u00e1logo junto com o Minist\u00e9rio de Meio Ambiente para que seja anunciada\u00a0nos pr\u00f3ximos dias a retomada do Fundo Amaz\u00f4nia\u201d, informou o governador.<\/p>\n<p>Segundo Barbalho, os executivos estaduais tamb\u00e9m est\u00e3o dialogando com os pa\u00edses para construir alternativas de financiamento a projetos sustent\u00e1veis como a possibilidade de repasse de verbas para cada unidade da federa\u00e7\u00e3o da Amaz\u00f4nia ou por meio do Cons\u00f3rcio da Amaz\u00f4nia Legal. \u201cSinalizaram que est\u00e3o dispostos a colaborar diretamente com os governos estaduais\u00a0e tamb\u00e9m a possibilidade de cria\u00e7\u00e3o de um fundo do Cons\u00f3rcio de Governos da Amaz\u00f4nia Legal como instrumento de parceria internacional\u201d, afirmou Barbalho.<\/p>\n<p>O governador do Amap\u00e1, Waldez G\u00f3es, que preside o cons\u00f3rcio, disse que a entidade tem personalidade jur\u00eddica, o que permite estabelecer \u201cuma rela\u00e7\u00e3o de parceria com os financiadores de boas pr\u00e1ticas na Amaz\u00f4nia, sejam elas de combate a atividades ilegais, de mitiga\u00e7\u00e3o ou de alternativas de desenvolvimento\u201d.<\/p>\n<p>Helder Barbalho acrescentou que uma nova reuni\u00e3o foi marcada para daqui a um m\u00eas com os tr\u00eas embaixadores, que dever\u00e3o apresentar respostas \u00e0s demandas apresentadas pelos governos estaduais.<\/p>\n<p>Tamb\u00e9m participaram da reuni\u00e3o os governadores de Mato Grosso, Mauro Mendes, de Roraima, Ant\u00f4nio Denarium, e do Amazonas, Wilson Lima, os vice-governadores de Rond\u00f4nia, Jos\u00e9 Jordan, do Acre, Major Wherles Rocha, do Tocantins, Wanderlei Barbosa, e do Maranh\u00e3o, Carlos Brand\u00e3o.<\/p>\n<h2>Embaixadores<\/h2>\n<p>Antes da reuni\u00e3o, os embaixadores destacaram que seus pa\u00edses queriam escutar as demandas dos governadores e entender a situa\u00e7\u00e3o dos estados amaz\u00f4nicos, mas observaram que tamb\u00e9m t\u00eam forte di\u00e1logo com o governo federal e diversos parceiros da sociedade civil.<\/p>\n<p>\u201cConcordamos que n\u00e3o falamos de um museu na floresta, falamos de uma economia verde sustent\u00e1vel. Trabalhamos com todos os parceiros, no n\u00edvel federal, nos estados, munic\u00edpios, sociedade civil, ONGs [organiza\u00e7\u00f5es n\u00e3o governamentais]. Temos como meta lutar contra a mudan\u00e7a clim\u00e1tica\u201d, disse o embaixador alem\u00e3o, Georg Witschel.<\/p>\n<p>O embaixador do Reino Unido, Vijay Rangaranjan, ressaltou que na Amaz\u00f4nia a soberania \u00e9 brasileira, mas lembrou que as quest\u00f5es ambientais t\u00eam import\u00e2ncia mundial. \u201cO Reino Unido, como sede da COP 26 [Confer\u00eancia do Clima das Na\u00e7\u00f5es Unidas] no pr\u00f3ximo ano, vai tratar de muitos diferentes desafios em quest\u00f5es ambientais de todos os pa\u00edses. Todos t\u00eam que enfrentar esses desafios.\u201d<\/p>\n<p>Os\u00a0governadores e vice-governadores\u00a0tamb\u00e9m tinham reuni\u00e3o marcada na tarde de hoje com o embaixador franc\u00eas, Michel Miraillet.<\/p>\n<p>Fonte: Ag\u00eancia Brasil<\/p>\n","protected":false},"excerpt":{"rendered":"<p>Governadores e vice-governadores dos estados da Amaz\u00f4nia Legal reuniram-se na manh\u00e3 desta sexta-feira (13) com os embaixadores da Alemanha, da Noruega e do Reino Unido para discutir financiamentos para programas de desenvolvimento sustent\u00e1vel na regi\u00e3o. O encontro foi na Embaixada da Noruega, em Bras\u00edlia. Ap\u00f3s a reuni\u00e3o, o governador do Par\u00e1, Helder Barbalho, disse que [&hellip;]<\/p>\n","protected":false},"author":96,"featured_media":97709,"comment_status":"closed","ping_status":"closed","sticky":false,"template":"","format":"standard","meta":{"footnotes":""},"categories":[302,436,439],"tags":[],"class_list":["post-147757","post","type-post","status-publish","format-standard","has-post-thumbnail","hentry","category-brasil-mundo","category-destaque-da-semana","category-ultima-hora"],"_links":{"self":[{"href":"https:\/\/diarioregionaldigital.com.br\/index.php?rest_route=\/wp\/v2\/posts\/147757","targetHints":{"allow":["GET"]}}],"collection":[{"href":"https:\/\/diarioregionaldigital.com.br\/index.php?rest_route=\/wp\/v2\/posts"}],"about":[{"href":"https:\/\/diarioregionaldigital.com.br\/index.php?rest_route=\/wp\/v2\/types\/post"}],"author":[{"embeddable":true,"href":"https:\/\/diarioregionaldigital.com.br\/index.php?rest_route=\/wp\/v2\/users\/96"}],"replies":[{"embeddable":true,"href":"https:\/\/diarioregionaldigital.com.br\/index.php?rest_route=%2Fwp%2Fv2%2Fcomments&post=147757"}],"version-history":[{"count":0,"href":"https:\/\/diarioregionaldigital.com.br\/index.php?rest_route=\/wp\/v2\/posts\/147757\/revisions"}],"wp:featuredmedia":[{"embeddable":true,"href":"https:\/\/diarioregionaldigital.com.br\/index.php?rest_route=\/wp\/v2\/media\/97709"}],"wp:attachment":[{"href":"https:\/\/diarioregionaldigital.com.br\/index.php?rest_route=%2Fwp%2Fv2%2Fmedia&parent=147757"}],"wp:term":[{"taxonomy":"category","embeddable":true,"href":"https:\/\/diarioregionaldigital.com.br\/index.php?rest_route=%2Fwp%2Fv2%2Fcategories&post=147757"},{"taxonomy":"post_tag","embeddable":true,"href":"https:\/\/diarioregionaldigital.com.br\/index.php?rest_route=%2Fwp%2Fv2%2Ftags&post=147757"}],"curies":[{"name":"wp","href":"https:\/\/api.w.org\/{rel}","templated":true}]}}