{"id":147746,"date":"2019-09-13T18:15:46","date_gmt":"2019-09-13T21:15:46","guid":{"rendered":"https:\/\/diarioregionaldigital.com.br\/?p=147746"},"modified":"2019-09-13T18:15:46","modified_gmt":"2019-09-13T21:15:46","slug":"bolsonaro-caminha-pelo-corredor-do-hospital","status":"publish","type":"post","link":"https:\/\/diarioregionaldigital.com.br\/?p=147746","title":{"rendered":"Bolsonaro caminha pelo corredor do hospital"},"content":{"rendered":"<p>O presidente Jair Bolsonaro caminhou tr\u00eas vezes nessa sexta-feira (13), informou o porta-voz da Presid\u00eancia da Rep\u00fablica, Ot\u00e1vio R\u00eago Barros. Nesta tarde, a assessoria da Presid\u00eancia divulgou um v\u00eddeo em que Bolsonaro aparece caminhando, orientado pela equipe m\u00e9dica, no corredor do Hospital Vila Nova Star, onde ele est\u00e1 internado desde o \u00faltimo s\u00e1bado (7).<\/p>\n<p>Segundo R\u00eago Barros, o presidente est\u00e1 &#8220;muito bem&#8221;. O cirurgi\u00e3o-chefe da equipe que acompanha Bolsonaro, Ant\u00f4nio Luiz Macedo, passou pelo hospital hoje, por volta de 12h, e voltar\u00e1 no fim da noite para nova visita a Bolsonaro. O presidente est\u00e1 acompanhado pela esposa, Michele Bolsonaro, e pelo filho, o vereador Carlos Bolsonaro.<\/p>\n<p>Os planos de viagem de Bolsonaro aos Estados Unidos\u00a0para participar da abertura da Assembleia Geral da Organiza\u00e7\u00e3o das Na\u00e7\u00f5es Unidas (ONU) est\u00e3o\u00a0mantidos. A previs\u00e3o \u00e9 de ida no dia 22 deste m\u00eas e volta no dia 25, disse R\u00eago Barros. O porta-voz informou que, antes da viagem, a equipe m\u00e9dica que assiste o presidente vai a Bras\u00edlia para sua condi\u00e7\u00e3o de sa\u00fade.<\/p>\n<h2>Alta<\/h2>\n<p>A previs\u00e3o m\u00e9dica \u00e9 que Bolsonaro tenha alta em tr\u00eas ou quatro dias, dependendo da evolu\u00e7\u00e3o do quadro de sa\u00fade. Para isso, o intestino do presidente precisa ser capaz de suportar ao menos a dieta cremosa ou pastosa, com alimentos mais consistentes e que fornecem a quantidade de calorias necess\u00e1rias para as atividades cotidianas.<\/p>\n<p>Na manh\u00e3 desta sexta-feira (13), foi retirada a sonda nasog\u00e1strica do presidente, que havia sido colocada na quarta-feira (11). O tubo entrava pelo nariz e ia at\u00e9 o sistema digestivo para retirar o excesso de gases e de l\u00edquido. Com a resposta do intestino, voltou a ser administrada, gradualmente, a dieta l\u00edquida.<\/p>\n<p>Na quinta-feira (12), foi estendido o prazo de afastamento de Bolsonaro da Presid\u00eancia por quatro dias, a partir de uma decis\u00e3o da equipe m\u00e9dica. A previs\u00e3o inicial era de que ele reassumisse o cargo hoje (13). No entanto, a recupera\u00e7\u00e3o sofreu uma \u201cintercorr\u00eancia\u201d na quarta-feira, quando foi introduzida a sonda nasog\u00e1strica.<\/p>\n<p>Desde a segunda-feira (9), Bolsonaro recebia a dieta l\u00edquida. Por\u00e9m, devido ao trauma e \u00e0 presen\u00e7a de gases, o intestino do presidente deixou de funcionar adequadamente, levando \u00e0 necessidade de que a alimenta\u00e7\u00e3o voltasse a ser feita de forma endovenosa. Assim, o vice-presidente, Hamilton Mour\u00e3o, segue no exerc\u00edcio da Presid\u00eancia por este novo per\u00edodo.<\/p>\n<p>Fonte: Ag\u00eancia Brasil<\/p>\n","protected":false},"excerpt":{"rendered":"<p>O presidente Jair Bolsonaro caminhou tr\u00eas vezes nessa sexta-feira (13), informou o porta-voz da Presid\u00eancia da Rep\u00fablica, Ot\u00e1vio R\u00eago Barros. Nesta tarde, a assessoria da Presid\u00eancia divulgou um v\u00eddeo em que Bolsonaro aparece caminhando, orientado pela equipe m\u00e9dica, no corredor do Hospital Vila Nova Star, onde ele est\u00e1 internado desde o \u00faltimo s\u00e1bado (7). Segundo [&hellip;]<\/p>\n","protected":false},"author":96,"featured_media":147533,"comment_status":"closed","ping_status":"closed","sticky":false,"template":"","format":"standard","meta":{"footnotes":""},"categories":[436,254,439],"tags":[],"class_list":["post-147746","post","type-post","status-publish","format-standard","has-post-thumbnail","hentry","category-destaque-da-semana","category-politica","category-ultima-hora"],"_links":{"self":[{"href":"https:\/\/diarioregionaldigital.com.br\/index.php?rest_route=\/wp\/v2\/posts\/147746","targetHints":{"allow":["GET"]}}],"collection":[{"href":"https:\/\/diarioregionaldigital.com.br\/index.php?rest_route=\/wp\/v2\/posts"}],"about":[{"href":"https:\/\/diarioregionaldigital.com.br\/index.php?rest_route=\/wp\/v2\/types\/post"}],"author":[{"embeddable":true,"href":"https:\/\/diarioregionaldigital.com.br\/index.php?rest_route=\/wp\/v2\/users\/96"}],"replies":[{"embeddable":true,"href":"https:\/\/diarioregionaldigital.com.br\/index.php?rest_route=%2Fwp%2Fv2%2Fcomments&post=147746"}],"version-history":[{"count":0,"href":"https:\/\/diarioregionaldigital.com.br\/index.php?rest_route=\/wp\/v2\/posts\/147746\/revisions"}],"wp:featuredmedia":[{"embeddable":true,"href":"https:\/\/diarioregionaldigital.com.br\/index.php?rest_route=\/wp\/v2\/media\/147533"}],"wp:attachment":[{"href":"https:\/\/diarioregionaldigital.com.br\/index.php?rest_route=%2Fwp%2Fv2%2Fmedia&parent=147746"}],"wp:term":[{"taxonomy":"category","embeddable":true,"href":"https:\/\/diarioregionaldigital.com.br\/index.php?rest_route=%2Fwp%2Fv2%2Fcategories&post=147746"},{"taxonomy":"post_tag","embeddable":true,"href":"https:\/\/diarioregionaldigital.com.br\/index.php?rest_route=%2Fwp%2Fv2%2Ftags&post=147746"}],"curies":[{"name":"wp","href":"https:\/\/api.w.org\/{rel}","templated":true}]}}