{"id":147741,"date":"2019-09-13T18:09:25","date_gmt":"2019-09-13T21:09:25","guid":{"rendered":"https:\/\/diarioregionaldigital.com.br\/?p=147741"},"modified":"2019-09-13T18:09:25","modified_gmt":"2019-09-13T21:09:25","slug":"hospital-no-rio-confirma-11-mortos-apos-incendio","status":"publish","type":"post","link":"https:\/\/diarioregionaldigital.com.br\/?p=147741","title":{"rendered":"Hospital no Rio confirma 11 mortos ap\u00f3s inc\u00eandio"},"content":{"rendered":"<p>A dire\u00e7\u00e3o do Hospital Badim confirmou que 11 pacientes morreram em decorr\u00eancia do\u00a0inc\u00eandio que atingiu a institui\u00e7\u00e3o, na noite de\u00a0quinta-feira (12). Dos 103 pacientes que estavam no local no momento do fogo, 77 seguem internados em 12 institui\u00e7\u00f5es de sa\u00fade na cidade. Mais 14 foram levados para suas casas. E 20 funcion\u00e1rios e acompanhantes seguem internados.<\/p>\n<p>O balan\u00e7o foi divulgado na tarde desta\u00a0sexta-feira (13) pelo diretor m\u00e9dico do hospital, F\u00e1bio Santoro. Segundo ele, todos os protocolos de emerg\u00eancia em casos semelhantes foram respeitados e executados. Ele falou\u00a0\u00e0 imprensa e leu um comunicado em nome da institui\u00e7\u00e3o.<\/p>\n<p>\u201cEm primeiro lugar, a diretoria do Hospital Badim expressa sua profunda tristeza e se solidariza com as pessoas atingidas. N\u00f3s agradecemos a grande rede de solidariedade que se formou desde\u00a0ontem\u00a0e vem se fortalecendo. Incluindo vizinhos, profissionais de sa\u00fade e familiares. Os nossos colaboradores atuaram ao longo de toda a noite e madrugada, arriscando suas vidas para salvar os nossos pacientes. Todos os recursos humanos e materiais ao nosso alcance foram dedicados a esse resgate, extremamente dif\u00edcil, que exigiu a remo\u00e7\u00e3o dos pacientes em condi\u00e7\u00e3o de sa\u00fade delicada\u201d, disse o diretor.<\/p>\n<p>Os trabalhos da equipe de per\u00edcia da Pol\u00edcia Civil devem ser retomados amanh\u00e3. O subsolo do hospital est\u00e1 totalmente alagado por conta do combate \u00e0s chamas. A \u00e1gua\u00a0ter\u00e1 que ser drenada para que as equipes prossigam na investiga\u00e7\u00e3o das causas do fogo, que teria, segundo os primeiros relatos, se iniciado em um gerador de energia.<\/p>\n<p>&nbsp;<\/p>\n<p>Fonte: Ag\u00eancia Brasil<\/p>\n","protected":false},"excerpt":{"rendered":"<p>A dire\u00e7\u00e3o do Hospital Badim confirmou que 11 pacientes morreram em decorr\u00eancia do\u00a0inc\u00eandio que atingiu a institui\u00e7\u00e3o, na noite de\u00a0quinta-feira (12). Dos 103 pacientes que estavam no local no momento do fogo, 77 seguem internados em 12 institui\u00e7\u00f5es de sa\u00fade na cidade. Mais 14 foram levados para suas casas. E 20 funcion\u00e1rios e acompanhantes seguem [&hellip;]<\/p>\n","protected":false},"author":96,"featured_media":147742,"comment_status":"closed","ping_status":"closed","sticky":false,"template":"","format":"standard","meta":{"footnotes":""},"categories":[302,436,439],"tags":[],"class_list":["post-147741","post","type-post","status-publish","format-standard","has-post-thumbnail","hentry","category-brasil-mundo","category-destaque-da-semana","category-ultima-hora"],"_links":{"self":[{"href":"https:\/\/diarioregionaldigital.com.br\/index.php?rest_route=\/wp\/v2\/posts\/147741","targetHints":{"allow":["GET"]}}],"collection":[{"href":"https:\/\/diarioregionaldigital.com.br\/index.php?rest_route=\/wp\/v2\/posts"}],"about":[{"href":"https:\/\/diarioregionaldigital.com.br\/index.php?rest_route=\/wp\/v2\/types\/post"}],"author":[{"embeddable":true,"href":"https:\/\/diarioregionaldigital.com.br\/index.php?rest_route=\/wp\/v2\/users\/96"}],"replies":[{"embeddable":true,"href":"https:\/\/diarioregionaldigital.com.br\/index.php?rest_route=%2Fwp%2Fv2%2Fcomments&post=147741"}],"version-history":[{"count":0,"href":"https:\/\/diarioregionaldigital.com.br\/index.php?rest_route=\/wp\/v2\/posts\/147741\/revisions"}],"wp:featuredmedia":[{"embeddable":true,"href":"https:\/\/diarioregionaldigital.com.br\/index.php?rest_route=\/wp\/v2\/media\/147742"}],"wp:attachment":[{"href":"https:\/\/diarioregionaldigital.com.br\/index.php?rest_route=%2Fwp%2Fv2%2Fmedia&parent=147741"}],"wp:term":[{"taxonomy":"category","embeddable":true,"href":"https:\/\/diarioregionaldigital.com.br\/index.php?rest_route=%2Fwp%2Fv2%2Fcategories&post=147741"},{"taxonomy":"post_tag","embeddable":true,"href":"https:\/\/diarioregionaldigital.com.br\/index.php?rest_route=%2Fwp%2Fv2%2Ftags&post=147741"}],"curies":[{"name":"wp","href":"https:\/\/api.w.org\/{rel}","templated":true}]}}