{"id":147739,"date":"2019-09-13T15:13:24","date_gmt":"2019-09-13T18:13:24","guid":{"rendered":"https:\/\/diarioregionaldigital.com.br\/?p=147739"},"modified":"2019-09-13T15:13:24","modified_gmt":"2019-09-13T18:13:24","slug":"bolsonaro-retira-sonda-nasogastrica-e-recomeca-dieta-liquida","status":"publish","type":"post","link":"https:\/\/diarioregionaldigital.com.br\/?p=147739","title":{"rendered":"Bolsonaro retira sonda nasog\u00e1strica e recome\u00e7a dieta l\u00edquida"},"content":{"rendered":"<p>A equipe m\u00e9dica que acompanha o presidente Jair Bolsonaro retirou na manh\u00e3 de\u00a0hoje\u00a0(13) a sonda nasog\u00e1strica\u00a0colocada na\u00a0quarta-feira (11). O tubo entrava pelo nariz e ia at\u00e9 o sistema digestivo para retirar o excesso de g\u00e1s e l\u00edquido. \u201cN\u00f3s pudemos tirar a sonda g\u00e1strica porque a drenagem dela foi bem reduzida. Ele come\u00e7ou a\u00a0ter\u00a0fun\u00e7\u00e3o intestinal\u201d, destacou o cirurgi\u00e3o-chefe da equipe que acompanha o presidente, Ant\u00f4nio Luiz Macedo.<\/p>\n<p>Com a resposta do intestino, voltou a ser administrada, gradualmente, a dieta l\u00edquida. A cada hora, o presidente recebe 50 mililitros de \u00e1gua e outros l\u00edquidos, avaliando as rea\u00e7\u00f5es a esses alimentos. \u201cEu acabei de tirar a sonda, fica perigoso aumentar rapidamente a ingest\u00e3o l\u00edquida sem a gente saber como o intestino est\u00e1 reagindo\u201d, explicou Macedo. Por isso, foi mantida simultaneamente a alimenta\u00e7\u00e3o endovenosa (pelas veias), complementando a quantidade necess\u00e1ria de nutrientes.<\/p>\n<div class=\"dnd-widget-wrapper context-medio_4colunas type-image atom-align-left\">\n<div class=\"dnd-atom-rendered\">\n<figure class=\"mejs-fotoh-wrapper\"><img decoding=\"async\" class=\"img-responsive full full\" title=\"Marcello Casal Jr\/Agencia Brasil\" src=\"http:\/\/imagens.ebc.com.br\/2JUxGbphDc69BOVBCsGoxklkFz0=\/365x0\/smart\/http:\/\/agenciabrasil.ebc.com.br\/sites\/default\/files\/thumbnails\/image\/medico_bolsonaro_abr_13091923088.jpg?itok=lunZ5BWo\" alt=\"O cirurgi\u00e3o Antonio Luiz Macedo fala \u00e0 imprensa no Hospital Vila Nova Star, em S\u00e3o Paulo, sobre o estado de sa\u00fade do presidente Jair Bolsonaro\" \/><\/figure>\n<\/div>\n<div class=\"dnd-caption-wrapper\">\n<h6 class=\"meta\">O cirurgi\u00e3o Antonio Luiz Macedo\u00a0fala sobre o estado de sa\u00fade do presidente\u00a0&#8211;\u00a0<strong>Marcello Casal Jr\/Agencia Brasil<\/strong><\/h6>\n<\/div>\n<\/div>\n<p>Segundo o boletim m\u00e9dico divulgado\u00a0hoje\u00a0pelo Hospital Vila Nova Star, onde o presidente est\u00e1 internado desde o fim de semana, Bolsonaro teve \u201cmelhora acentuada dos movimentos intestinais\u201d. Ainda segundo o comunicado do hospital, localizado na zona sul paulistana, o presidente n\u00e3o tem febre ou dor. Ele continua fazendo fisioterapia respirat\u00f3ria e motora e\u00a0caminhando pelos corredores da institui\u00e7\u00e3o. Essa \u00e9 a\u00a0quarta\u00a0cirurgia pela qual Bolsonaro passou desde que foi esfaqueado em um ato de campanha eleitoral em setembro de 2018.<\/p>\n<h2>Previs\u00e3o de alta<\/h2>\n<p>A previs\u00e3o do m\u00e9dico \u00e9 que Bolsonaro possa\u00a0ter\u00a0alta em tr\u00eas ou quatro dias, a depender da evolu\u00e7\u00e3o do quadro de sa\u00fade. Para isso, o intestino do presidente precisa ser capaz de suportar ao menos a dieta cremosa ou pastosa, com alimentos mais consistentes e que fornecem a quantidade de calores necess\u00e1rias para as atividades cotidianas.<\/p>\n<p>Ontem\u00a0(12), foi estendido o prazo de afastamento de Bolsonaro da Presid\u00eancia por quatro dias a partir de uma decis\u00e3o da equipe m\u00e9dica. A previs\u00e3o inicial era de que ele reassumisse o cargo\u00a0hoje\u00a0(13). No entanto, a recupera\u00e7\u00e3o sofreu uma \u201cintercorr\u00eancia\u201d na\u00a0quarta-feira, quando foi introduzida a sonda nasog\u00e1strica.<\/p>\n<p>Desde a\u00a0segunda-feira (9), Bolsonaro recebia a dieta l\u00edquida. Por\u00e9m, devido ao trauma e \u00e0\u00a0presen\u00e7a de gases, o intestino do presidente deixou de funcionar adequadamente, levando \u00e0\u00a0necessidade de que a alimenta\u00e7\u00e3o voltasse a ser feita de forma endovenosa. Assim, o vice-presidente, Hamilton Mour\u00e3o, segue no exerc\u00edcio da Presid\u00eancia por este novo per\u00edodo.<\/p>\n<p>Apesar dessa altera\u00e7\u00e3o, o porta-voz da Presid\u00eancia, Ot\u00e1vio R\u00eago Barros afirmou que est\u00e1 mantida a viagem de Bolsonaro para a abertura da Assembleia Geral da Organiza\u00e7\u00e3o das Na\u00e7\u00f5es Unidas (ONU). \u201cO planejamento permanece. N\u00f3s iremos a Nova York\u00a0no dia 22 e o presidente discursar\u00e1, no dia 24, na assembleia das Na\u00e7\u00f5es Unidas\u201d, informou.<\/p>\n<p>Fonte: Ag\u00eancia Brasil<\/p>\n","protected":false},"excerpt":{"rendered":"<p>A equipe m\u00e9dica que acompanha o presidente Jair Bolsonaro retirou na manh\u00e3 de\u00a0hoje\u00a0(13) a sonda nasog\u00e1strica\u00a0colocada na\u00a0quarta-feira (11). O tubo entrava pelo nariz e ia at\u00e9 o sistema digestivo para retirar o excesso de g\u00e1s e l\u00edquido. \u201cN\u00f3s pudemos tirar a sonda g\u00e1strica porque a drenagem dela foi bem reduzida. Ele come\u00e7ou a\u00a0ter\u00a0fun\u00e7\u00e3o intestinal\u201d, destacou [&hellip;]<\/p>\n","protected":false},"author":96,"featured_media":147269,"comment_status":"closed","ping_status":"closed","sticky":false,"template":"","format":"standard","meta":{"footnotes":""},"categories":[436,254,439],"tags":[],"class_list":["post-147739","post","type-post","status-publish","format-standard","has-post-thumbnail","hentry","category-destaque-da-semana","category-politica","category-ultima-hora"],"_links":{"self":[{"href":"https:\/\/diarioregionaldigital.com.br\/index.php?rest_route=\/wp\/v2\/posts\/147739","targetHints":{"allow":["GET"]}}],"collection":[{"href":"https:\/\/diarioregionaldigital.com.br\/index.php?rest_route=\/wp\/v2\/posts"}],"about":[{"href":"https:\/\/diarioregionaldigital.com.br\/index.php?rest_route=\/wp\/v2\/types\/post"}],"author":[{"embeddable":true,"href":"https:\/\/diarioregionaldigital.com.br\/index.php?rest_route=\/wp\/v2\/users\/96"}],"replies":[{"embeddable":true,"href":"https:\/\/diarioregionaldigital.com.br\/index.php?rest_route=%2Fwp%2Fv2%2Fcomments&post=147739"}],"version-history":[{"count":0,"href":"https:\/\/diarioregionaldigital.com.br\/index.php?rest_route=\/wp\/v2\/posts\/147739\/revisions"}],"wp:featuredmedia":[{"embeddable":true,"href":"https:\/\/diarioregionaldigital.com.br\/index.php?rest_route=\/wp\/v2\/media\/147269"}],"wp:attachment":[{"href":"https:\/\/diarioregionaldigital.com.br\/index.php?rest_route=%2Fwp%2Fv2%2Fmedia&parent=147739"}],"wp:term":[{"taxonomy":"category","embeddable":true,"href":"https:\/\/diarioregionaldigital.com.br\/index.php?rest_route=%2Fwp%2Fv2%2Fcategories&post=147739"},{"taxonomy":"post_tag","embeddable":true,"href":"https:\/\/diarioregionaldigital.com.br\/index.php?rest_route=%2Fwp%2Fv2%2Ftags&post=147739"}],"curies":[{"name":"wp","href":"https:\/\/api.w.org\/{rel}","templated":true}]}}