{"id":147737,"date":"2019-09-13T15:11:49","date_gmt":"2019-09-13T18:11:49","guid":{"rendered":"https:\/\/diarioregionaldigital.com.br\/?p=147737"},"modified":"2019-09-13T15:11:49","modified_gmt":"2019-09-13T18:11:49","slug":"atividade-economica-tem-queda-de-016-em-julho","status":"publish","type":"post","link":"https:\/\/diarioregionaldigital.com.br\/?p=147737","title":{"rendered":"Atividade econ\u00f4mica tem queda de 0,16% em julho"},"content":{"rendered":"<p>A economia brasileira registrou queda em julho ap\u00f3s alta nos dois meses anteriores. O \u00cdndice de Atividade Econ\u00f4mica do Banco Central (IBC-Br), dessazonalizado (ajustado para o per\u00edodo), apresentou retra\u00e7\u00e3o de 0,16%, em rela\u00e7\u00e3o a junho, segundo dados divulgados hoje (13) pelo Banco Central (BC).<\/p>\n<p>Na compara\u00e7\u00e3o com julho de 2018, houve aumento de 1,31% (sem ajuste para o per\u00edodo, j\u00e1 que a compara\u00e7\u00e3o \u00e9 entre meses iguais). Em 12 meses encerrados em abril, o indicador teve crescimento de 1,07%. No ano, o IBC-Br ficou em 0,78%.<\/p>\n<p>O IBC-Br \u00e9 uma forma de avaliar a evolu\u00e7\u00e3o da atividade econ\u00f4mica brasileira e ajuda o BC a tomar suas decis\u00f5es sobre a taxa b\u00e1sica de juros, a Selic. O \u00edndice incorpora informa\u00e7\u00f5es sobre o n\u00edvel de atividade dos tr\u00eas setores da economia: ind\u00fastria, com\u00e9rcio e servi\u00e7os e agropecu\u00e1ria, al\u00e9m do volume de impostos.<\/p>\n<p>O indicador foi criado pelo BC para tentar antecipar, por aproxima\u00e7\u00e3o, a evolu\u00e7\u00e3o da atividade econ\u00f4mica. Entretanto, o indicador oficial \u00e9 o Produto Interno Bruto (PIB, soma dos bens e servi\u00e7os produzidos no pa\u00eds), calculado pelo Instituto Brasileiro de Geografia e Estat\u00edstica (IBGE).<\/p>\n<p>&nbsp;<\/p>\n<p>Fonte: Ag\u00eancia Brasil<\/p>\n","protected":false},"excerpt":{"rendered":"<p>A economia brasileira registrou queda em julho ap\u00f3s alta nos dois meses anteriores. O \u00cdndice de Atividade Econ\u00f4mica do Banco Central (IBC-Br), dessazonalizado (ajustado para o per\u00edodo), apresentou retra\u00e7\u00e3o de 0,16%, em rela\u00e7\u00e3o a junho, segundo dados divulgados hoje (13) pelo Banco Central (BC). Na compara\u00e7\u00e3o com julho de 2018, houve aumento de 1,31% (sem [&hellip;]<\/p>\n","protected":false},"author":96,"featured_media":144143,"comment_status":"closed","ping_status":"closed","sticky":false,"template":"","format":"standard","meta":{"footnotes":""},"categories":[436,261,439],"tags":[],"class_list":["post-147737","post","type-post","status-publish","format-standard","has-post-thumbnail","hentry","category-destaque-da-semana","category-economia","category-ultima-hora"],"_links":{"self":[{"href":"https:\/\/diarioregionaldigital.com.br\/index.php?rest_route=\/wp\/v2\/posts\/147737","targetHints":{"allow":["GET"]}}],"collection":[{"href":"https:\/\/diarioregionaldigital.com.br\/index.php?rest_route=\/wp\/v2\/posts"}],"about":[{"href":"https:\/\/diarioregionaldigital.com.br\/index.php?rest_route=\/wp\/v2\/types\/post"}],"author":[{"embeddable":true,"href":"https:\/\/diarioregionaldigital.com.br\/index.php?rest_route=\/wp\/v2\/users\/96"}],"replies":[{"embeddable":true,"href":"https:\/\/diarioregionaldigital.com.br\/index.php?rest_route=%2Fwp%2Fv2%2Fcomments&post=147737"}],"version-history":[{"count":0,"href":"https:\/\/diarioregionaldigital.com.br\/index.php?rest_route=\/wp\/v2\/posts\/147737\/revisions"}],"wp:featuredmedia":[{"embeddable":true,"href":"https:\/\/diarioregionaldigital.com.br\/index.php?rest_route=\/wp\/v2\/media\/144143"}],"wp:attachment":[{"href":"https:\/\/diarioregionaldigital.com.br\/index.php?rest_route=%2Fwp%2Fv2%2Fmedia&parent=147737"}],"wp:term":[{"taxonomy":"category","embeddable":true,"href":"https:\/\/diarioregionaldigital.com.br\/index.php?rest_route=%2Fwp%2Fv2%2Fcategories&post=147737"},{"taxonomy":"post_tag","embeddable":true,"href":"https:\/\/diarioregionaldigital.com.br\/index.php?rest_route=%2Fwp%2Fv2%2Ftags&post=147737"}],"curies":[{"name":"wp","href":"https:\/\/api.w.org\/{rel}","templated":true}]}}