{"id":147732,"date":"2019-09-13T13:45:04","date_gmt":"2019-09-13T16:45:04","guid":{"rendered":"https:\/\/diarioregionaldigital.com.br\/?p=147732"},"modified":"2019-09-13T13:45:04","modified_gmt":"2019-09-13T16:45:04","slug":"pjf-retira-15-toneladas-de-lixo-de-casa-no-olavo-costa","status":"publish","type":"post","link":"https:\/\/diarioregionaldigital.com.br\/?p=147732","title":{"rendered":"PJF retira 15 toneladas de lixo de casa no Olavo Costa"},"content":{"rendered":"<p>Cerca de 15 toneladas de lixo foram retiradas por agentes da &#8220;Sala de Opera\u00e7\u00f5es da Dengue&#8221; de uma casa no bairro Vila Olavo Costa na quarta-feira, 11. O im\u00f3vel, em situa\u00e3o de abandono, fica localizado na rua Jacinto Marcelino.<\/p>\n<p>A a\u00e7\u00e3o contou com a participa\u00e7\u00e3o de 30 servidores da Prefeitura de Juiz de Fora (PJF), entre agentes de combate a endemias da Secretaria de Sa\u00fade (SS) e servidores do Departamento Municipal de Limpeza Urbana (Demlurb). Ao todo, cinco caminhoes de entulho e outros materiais fora retirados.<\/p>\n<p>O Aedes aegypti \u00e9 transmissor da dengue, zika e chikungunya, doen\u00e7as que podem matar. Com o trabalho, os agentes de combate a endemias do Departamento de Vigil\u00e2ncia Epidemiol\u00f3gica e Ambiental (Dvea) buscam impedir a prolifera\u00e7\u00e3o do mosquito na regi\u00e3o, ampliando as a\u00e7\u00f5es durante a semana, vistoriando resid\u00eancias. Os dep\u00f3sitos encontrados s\u00e3o tratados, e os focos, eliminados.<\/p>\n<p>Al\u00e9m disso, os agentes do Dvea seguir\u00e3o trabalhando durante toda a semana, fazendo vistorias nas resid\u00eancias da cidade e eliminando os focos.<\/p>\n","protected":false},"excerpt":{"rendered":"<p>Cerca de 15 toneladas de lixo foram retiradas por agentes da &#8220;Sala de Opera\u00e7\u00f5es da Dengue&#8221; de uma casa no bairro Vila Olavo Costa na quarta-feira, 11. O im\u00f3vel, em situa\u00e3o de abandono, fica localizado na rua Jacinto Marcelino. A a\u00e7\u00e3o contou com a participa\u00e7\u00e3o de 30 servidores da Prefeitura de Juiz de Fora (PJF), [&hellip;]<\/p>\n","protected":false},"author":96,"featured_media":147733,"comment_status":"closed","ping_status":"closed","sticky":false,"template":"","format":"standard","meta":{"footnotes":""},"categories":[253,436,440,439],"tags":[],"class_list":["post-147732","post","type-post","status-publish","format-standard","has-post-thumbnail","hentry","category-cidade","category-destaque-da-semana","category-destaques-do-dia","category-ultima-hora"],"_links":{"self":[{"href":"https:\/\/diarioregionaldigital.com.br\/index.php?rest_route=\/wp\/v2\/posts\/147732","targetHints":{"allow":["GET"]}}],"collection":[{"href":"https:\/\/diarioregionaldigital.com.br\/index.php?rest_route=\/wp\/v2\/posts"}],"about":[{"href":"https:\/\/diarioregionaldigital.com.br\/index.php?rest_route=\/wp\/v2\/types\/post"}],"author":[{"embeddable":true,"href":"https:\/\/diarioregionaldigital.com.br\/index.php?rest_route=\/wp\/v2\/users\/96"}],"replies":[{"embeddable":true,"href":"https:\/\/diarioregionaldigital.com.br\/index.php?rest_route=%2Fwp%2Fv2%2Fcomments&post=147732"}],"version-history":[{"count":0,"href":"https:\/\/diarioregionaldigital.com.br\/index.php?rest_route=\/wp\/v2\/posts\/147732\/revisions"}],"wp:featuredmedia":[{"embeddable":true,"href":"https:\/\/diarioregionaldigital.com.br\/index.php?rest_route=\/wp\/v2\/media\/147733"}],"wp:attachment":[{"href":"https:\/\/diarioregionaldigital.com.br\/index.php?rest_route=%2Fwp%2Fv2%2Fmedia&parent=147732"}],"wp:term":[{"taxonomy":"category","embeddable":true,"href":"https:\/\/diarioregionaldigital.com.br\/index.php?rest_route=%2Fwp%2Fv2%2Fcategories&post=147732"},{"taxonomy":"post_tag","embeddable":true,"href":"https:\/\/diarioregionaldigital.com.br\/index.php?rest_route=%2Fwp%2Fv2%2Ftags&post=147732"}],"curies":[{"name":"wp","href":"https:\/\/api.w.org\/{rel}","templated":true}]}}