{"id":147727,"date":"2019-09-13T13:16:55","date_gmt":"2019-09-13T16:16:55","guid":{"rendered":"https:\/\/diarioregionaldigital.com.br\/?p=147727"},"modified":"2019-09-13T13:16:55","modified_gmt":"2019-09-13T16:16:55","slug":"demlurb-realiza-evento-de-adocao-de-caes-neste-sabado","status":"publish","type":"post","link":"https:\/\/diarioregionaldigital.com.br\/?p=147727","title":{"rendered":"Demlurb realiza evento de ado\u00e7\u00e3o de c\u00e3es neste s\u00e1bado"},"content":{"rendered":"<p>Interessados em adotar um c\u00e3ozinho podem comparecer ao Hospital Veterin\u00e1rio Estrada Real, na rua Alencar Trist\u00e3o, 287, bairro Santa Terezinha, neste s\u00e1bado, 14. Das 10 \u00e0s 14 horas o Canil Municipal, por meio do Departamento de Controle Animal (Dcan) do Departamento Municipal de Limpeza Urbana (Demlurb), estar\u00e1 realizando um evento de ado\u00e7\u00e3o de c\u00e3es.<\/p>\n<p>Aqueles que quiserem adotar devem ter mais de 18 anos e levar documento com foto e comprovante de resid\u00eancia. Volunt\u00e1rios e servidores do Canil Municipal v\u00e3o orientar sobre como ser\u00e1 a sele\u00e7\u00e3o para ado\u00e7\u00e3o. Quem adotar durante o evento ganhar\u00e1 brindes. Veterin\u00e1rios estar\u00e3o no local, orientando os adotantes sobre os cuidados que devem ter com o animal, por exemplo, sobre nutri\u00e7\u00e3o e vacina\u00e7\u00e3o.<\/p>\n<p>O Canil Municipal recebe visitas de segunda a sexta, das 9 horas \u00e0s 10h30 e das 13 horas \u00e0s 15h30. Os interessados podem entrar em contato com o Disque-Ado\u00e7\u00e3o pelo telefone 3225-9933.<\/p>\n<p>A a\u00e7\u00e3o deste s\u00e1bado \u00e9 uma parceria com as empresas Matsuba Pet e Agrotela.<\/p>\n","protected":false},"excerpt":{"rendered":"<p>Interessados em adotar um c\u00e3ozinho podem comparecer ao Hospital Veterin\u00e1rio Estrada Real, na rua Alencar Trist\u00e3o, 287, bairro Santa Terezinha, neste s\u00e1bado, 14. Das 10 \u00e0s 14 horas o Canil Municipal, por meio do Departamento de Controle Animal (Dcan) do Departamento Municipal de Limpeza Urbana (Demlurb), estar\u00e1 realizando um evento de ado\u00e7\u00e3o de c\u00e3es. Aqueles [&hellip;]<\/p>\n","protected":false},"author":96,"featured_media":130446,"comment_status":"closed","ping_status":"closed","sticky":false,"template":"","format":"standard","meta":{"footnotes":""},"categories":[253,436,440,439],"tags":[],"class_list":["post-147727","post","type-post","status-publish","format-standard","has-post-thumbnail","hentry","category-cidade","category-destaque-da-semana","category-destaques-do-dia","category-ultima-hora"],"_links":{"self":[{"href":"https:\/\/diarioregionaldigital.com.br\/index.php?rest_route=\/wp\/v2\/posts\/147727","targetHints":{"allow":["GET"]}}],"collection":[{"href":"https:\/\/diarioregionaldigital.com.br\/index.php?rest_route=\/wp\/v2\/posts"}],"about":[{"href":"https:\/\/diarioregionaldigital.com.br\/index.php?rest_route=\/wp\/v2\/types\/post"}],"author":[{"embeddable":true,"href":"https:\/\/diarioregionaldigital.com.br\/index.php?rest_route=\/wp\/v2\/users\/96"}],"replies":[{"embeddable":true,"href":"https:\/\/diarioregionaldigital.com.br\/index.php?rest_route=%2Fwp%2Fv2%2Fcomments&post=147727"}],"version-history":[{"count":0,"href":"https:\/\/diarioregionaldigital.com.br\/index.php?rest_route=\/wp\/v2\/posts\/147727\/revisions"}],"wp:featuredmedia":[{"embeddable":true,"href":"https:\/\/diarioregionaldigital.com.br\/index.php?rest_route=\/wp\/v2\/media\/130446"}],"wp:attachment":[{"href":"https:\/\/diarioregionaldigital.com.br\/index.php?rest_route=%2Fwp%2Fv2%2Fmedia&parent=147727"}],"wp:term":[{"taxonomy":"category","embeddable":true,"href":"https:\/\/diarioregionaldigital.com.br\/index.php?rest_route=%2Fwp%2Fv2%2Fcategories&post=147727"},{"taxonomy":"post_tag","embeddable":true,"href":"https:\/\/diarioregionaldigital.com.br\/index.php?rest_route=%2Fwp%2Fv2%2Ftags&post=147727"}],"curies":[{"name":"wp","href":"https:\/\/api.w.org\/{rel}","templated":true}]}}