{"id":147719,"date":"2019-09-15T06:00:06","date_gmt":"2019-09-15T09:00:06","guid":{"rendered":"https:\/\/diarioregionaldigital.com.br\/?p=147719"},"modified":"2019-09-12T19:32:16","modified_gmt":"2019-09-12T22:32:16","slug":"procon-jf-promove-mais-uma-edicao-do-curso-de-educacao-financeira","status":"publish","type":"post","link":"https:\/\/diarioregionaldigital.com.br\/?p=147719","title":{"rendered":"Procon\/JF promove mais uma edi\u00e7\u00e3o do curso de educa\u00e7\u00e3o financeira"},"content":{"rendered":"<p>A partir desta segunda-feira, 16, estar\u00e3o abertas as inscri\u00e7\u00f5es para o curso de educa\u00e7\u00e3o financeira de outubro, promovido pela Ag\u00eancia de Prote\u00e7\u00e3o e Defesa do Consumidor (Procon\/JF) da Prefeitura de Juiz de Fora (PJF). Coordenado pela Escola de Direito do Consumidor e Educa\u00e7\u00e3o Financeira (Edecf), o curso ser\u00e1 realizado em dois formatos, workshop e aulas semanais, e as inscri\u00e7\u00f5es ser\u00e3o mantidas at\u00e9 se esgotarem as vagas.<\/p>\n<p>Conforme o \u00f3rg\u00e3o, o curso de educa\u00e7\u00e3o financeira do Procon\/JF orienta os participantes sobre a administra\u00e7\u00e3o do or\u00e7amento dom\u00e9stico, investimento e diagn\u00f3stico financeiro, al\u00e9m de informa\u00e7\u00f5es sobre o consumismo de forma geral. As aulas s\u00e3o ferramentas que buscam promover mudan\u00e7as de h\u00e1bitos e de comportamentos do consumidor quanto ao uso seguro do dinheiro.<\/p>\n<p>Ainda de acordo com o Procon\/JFOs interessados podem optar por um dos dois formatos oferecidos. O primeiro, em workshop, acontecer\u00e1 somente na segunda, 7 de outubro, das 14 \u00e0s 18 horas. J\u00e1 no segundo, no formato mensal de aulas, os alunos receber\u00e3o instru\u00e7\u00f5es durante as quatro primeiras ter\u00e7as-feiras de junho, das 18h30 \u00e0s 20h30.<\/p>\n<p>O curso de educa\u00e7\u00e3o financeira \u00e9 totalmente gratuito, incluindo material did\u00e1tico da metodologia Diagnosticar, Sonhar, Or\u00e7ar e Poupar (DSOP). Os interessados dever\u00e3o se inscrever por meio do telefone 2104-8702 ou comparecer na sede do Procon\/JF, Avenida Itamar Franco, 992, Centro, de segunda a sexta-feira, das 8h30 \u00e0s 17h30.<\/p>\n","protected":false},"excerpt":{"rendered":"<p>A partir desta segunda-feira, 16, estar\u00e3o abertas as inscri\u00e7\u00f5es para o curso de educa\u00e7\u00e3o financeira de outubro, promovido pela Ag\u00eancia de Prote\u00e7\u00e3o e Defesa do Consumidor (Procon\/JF) da Prefeitura de Juiz de Fora (PJF). Coordenado pela Escola de Direito do Consumidor e Educa\u00e7\u00e3o Financeira (Edecf), o curso ser\u00e1 realizado em dois formatos, workshop e aulas [&hellip;]<\/p>\n","protected":false},"author":96,"featured_media":147650,"comment_status":"closed","ping_status":"closed","sticky":false,"template":"","format":"standard","meta":{"footnotes":""},"categories":[253,436,440,439],"tags":[],"class_list":["post-147719","post","type-post","status-publish","format-standard","has-post-thumbnail","hentry","category-cidade","category-destaque-da-semana","category-destaques-do-dia","category-ultima-hora"],"_links":{"self":[{"href":"https:\/\/diarioregionaldigital.com.br\/index.php?rest_route=\/wp\/v2\/posts\/147719","targetHints":{"allow":["GET"]}}],"collection":[{"href":"https:\/\/diarioregionaldigital.com.br\/index.php?rest_route=\/wp\/v2\/posts"}],"about":[{"href":"https:\/\/diarioregionaldigital.com.br\/index.php?rest_route=\/wp\/v2\/types\/post"}],"author":[{"embeddable":true,"href":"https:\/\/diarioregionaldigital.com.br\/index.php?rest_route=\/wp\/v2\/users\/96"}],"replies":[{"embeddable":true,"href":"https:\/\/diarioregionaldigital.com.br\/index.php?rest_route=%2Fwp%2Fv2%2Fcomments&post=147719"}],"version-history":[{"count":0,"href":"https:\/\/diarioregionaldigital.com.br\/index.php?rest_route=\/wp\/v2\/posts\/147719\/revisions"}],"wp:featuredmedia":[{"embeddable":true,"href":"https:\/\/diarioregionaldigital.com.br\/index.php?rest_route=\/wp\/v2\/media\/147650"}],"wp:attachment":[{"href":"https:\/\/diarioregionaldigital.com.br\/index.php?rest_route=%2Fwp%2Fv2%2Fmedia&parent=147719"}],"wp:term":[{"taxonomy":"category","embeddable":true,"href":"https:\/\/diarioregionaldigital.com.br\/index.php?rest_route=%2Fwp%2Fv2%2Fcategories&post=147719"},{"taxonomy":"post_tag","embeddable":true,"href":"https:\/\/diarioregionaldigital.com.br\/index.php?rest_route=%2Fwp%2Fv2%2Ftags&post=147719"}],"curies":[{"name":"wp","href":"https:\/\/api.w.org\/{rel}","templated":true}]}}