{"id":147704,"date":"2019-09-15T06:00:02","date_gmt":"2019-09-15T09:00:02","guid":{"rendered":"https:\/\/diarioregionaldigital.com.br\/?p=147704"},"modified":"2019-09-12T19:27:42","modified_gmt":"2019-09-12T22:27:42","slug":"acabar-com-a-filantropia","status":"publish","type":"post","link":"https:\/\/diarioregionaldigital.com.br\/?p=147704","title":{"rendered":"ACABAR COM A FILANTROPIA?"},"content":{"rendered":"<p><strong>\u00a0\u00a0\u00a0\u00a0\u00a0\u00a0\u00a0\u00a0\u00a0\u00a0\u00a0\u00a0\u00a0\u00a0\u00a0\u00a0\u00a0\u00a0\u00a0\u00a0\u00a0\u00a0\u00a0\u00a0\u00a0 <\/strong>A pol\u00edtica brasileira \u00e9 novidadeira.\u00a0 Praticamente, uma vez por dia, surge algo novo, o que nem sempre \u00e9 muito saud\u00e1vel.\u00a0 Agora, \u00e9 a vez de agredir a filantropia, o que partiu de um senador de grande prest\u00edgio, como \u00e9 Tasso Jereissati.\u00a0 Relator da reforma da previd\u00eancia no Senado, defendeu proposta de liquida\u00e7\u00e3o das filantr\u00f3picas na \u00e1rea da educa\u00e7\u00e3o, sob o falso pretexto de que a medida contribuiria para a elimina\u00e7\u00e3o de privil\u00e9gios.<\/p>\n<p>Ser\u00e1 que ele desconhece o que representaria a elimina\u00e7\u00e3o de milhares de bolsas de alunos matriculados em entidades filantr\u00f3picas?\u00a0 Isso para n\u00e3o citar o preju\u00edzo de milhares de professores, que certamente perderiam os seus respectivos empregos.\u00a0 N\u00e3o vemos como defender a iniciativa, que agrediria tamb\u00e9m centenas de escolas religiosas.<\/p>\n<p>A compensa\u00e7\u00e3o de impostos, prevista hoje na legisla\u00e7\u00e3o, obriga as filantr\u00f3picas a conceder bolsas a 20% do alunado matriculado nas institui\u00e7\u00f5es.\u00a0 N\u00e3o h\u00e1, no caso, privil\u00e9gios nem isen\u00e7\u00f5es, mas sim permuta de impostos devidos por bolsas de estudo para alunos carentes.<\/p>\n<p>A elimina\u00e7\u00e3o desses bolsistas \u00e9 um verdadeiro absurdo, pois sobrecarregaria a rede privada, como afirma com muita propriedade o meu amigo Paulo C\u00e9sar Gomes, diretor do Col\u00e9gio Santa M\u00f4nica, um dos mais tradicionais do Rio de Janeiro.<\/p>\n<p>Essas bolsas, hoje existentes, \u00e9 uma forma das mais eficientes de equilibrar a rela\u00e7\u00e3o de educa\u00e7\u00e3o de qualidade e a costumeira aus\u00eancia de recursos estatais.\u00a0 N\u00e3o s\u00e3o poucos os problemas que temos de enfrentar \u2013 e ainda agora vem mais esse, que toca as raias do absurdo.<\/p>\n<p>O Estado deve prover educa\u00e7\u00e3o gratuita de qualidade.\u00a0 Toda hora ouvimos esse discurso, que se tornou na verdade cansativo, pois n\u00e3o sa\u00edmos do ponto zero.\u00a0 Ali\u00e1s, temos um saldo negativo que pode ser medido pela\u00a0 exist\u00eancia, por exemplo, de 14 milh\u00f5es de analfabetos.\u00a0 Em que essa\u00a0 mudan\u00e7a poder\u00e1 colaborar para corrigir esse d\u00e9ficit (isso para n\u00e3o citar os milh\u00f5es que est\u00e3o fora do ensino m\u00e9dio, por exemplo).<\/p>\n<p>Os benef\u00edcios da filantropia abrangem tamb\u00e9m o ensino superior, onde h\u00e1 in\u00fameras entidades atendidas da forma necess\u00e1ria.\u00a0 Fica a d\u00favida sobre as raz\u00f5es que est\u00e3o por tr\u00e1s disso tudo.\u00a0 Certamente n\u00e3o \u00e9 o esp\u00edrito de justi\u00e7a, nem muito menos as quest\u00f5es de estado.\u00a0 Melhor seria que o Congresso n\u00e3o mexesse em assunto t\u00e3o delicado e se voltasse para o que \u00e9 essencial, como por exemplo passar a estudar uma nova Lei de Diretrizes e Bases da Educa\u00e7\u00e3o Nacional, j\u00e1 que a Lei n\u00ba 9394\/96 d\u00e1 sinais claros de exaust\u00e3o.<\/p>\n","protected":false},"excerpt":{"rendered":"<p>\u00a0\u00a0\u00a0\u00a0\u00a0\u00a0\u00a0\u00a0\u00a0\u00a0\u00a0\u00a0\u00a0\u00a0\u00a0\u00a0\u00a0\u00a0\u00a0\u00a0\u00a0\u00a0\u00a0\u00a0\u00a0 A pol\u00edtica brasileira \u00e9 novidadeira.\u00a0 Praticamente, uma vez por dia, surge algo novo, o que nem sempre \u00e9 muito saud\u00e1vel.\u00a0 Agora, \u00e9 a vez de agredir a filantropia, o que partiu de um senador de grande prest\u00edgio, como \u00e9 Tasso Jereissati.\u00a0 Relator da reforma da previd\u00eancia no Senado, defendeu proposta de liquida\u00e7\u00e3o das filantr\u00f3picas [&hellip;]<\/p>\n","protected":false},"author":96,"featured_media":96753,"comment_status":"closed","ping_status":"closed","sticky":false,"template":"","format":"standard","meta":{"footnotes":""},"categories":[275,435,439],"tags":[],"class_list":["post-147704","post","type-post","status-publish","format-standard","has-post-thumbnail","hentry","category-arnaldo-niskier","category-colunas","category-ultima-hora"],"_links":{"self":[{"href":"https:\/\/diarioregionaldigital.com.br\/index.php?rest_route=\/wp\/v2\/posts\/147704","targetHints":{"allow":["GET"]}}],"collection":[{"href":"https:\/\/diarioregionaldigital.com.br\/index.php?rest_route=\/wp\/v2\/posts"}],"about":[{"href":"https:\/\/diarioregionaldigital.com.br\/index.php?rest_route=\/wp\/v2\/types\/post"}],"author":[{"embeddable":true,"href":"https:\/\/diarioregionaldigital.com.br\/index.php?rest_route=\/wp\/v2\/users\/96"}],"replies":[{"embeddable":true,"href":"https:\/\/diarioregionaldigital.com.br\/index.php?rest_route=%2Fwp%2Fv2%2Fcomments&post=147704"}],"version-history":[{"count":0,"href":"https:\/\/diarioregionaldigital.com.br\/index.php?rest_route=\/wp\/v2\/posts\/147704\/revisions"}],"wp:featuredmedia":[{"embeddable":true,"href":"https:\/\/diarioregionaldigital.com.br\/index.php?rest_route=\/wp\/v2\/media\/96753"}],"wp:attachment":[{"href":"https:\/\/diarioregionaldigital.com.br\/index.php?rest_route=%2Fwp%2Fv2%2Fmedia&parent=147704"}],"wp:term":[{"taxonomy":"category","embeddable":true,"href":"https:\/\/diarioregionaldigital.com.br\/index.php?rest_route=%2Fwp%2Fv2%2Fcategories&post=147704"},{"taxonomy":"post_tag","embeddable":true,"href":"https:\/\/diarioregionaldigital.com.br\/index.php?rest_route=%2Fwp%2Fv2%2Ftags&post=147704"}],"curies":[{"name":"wp","href":"https:\/\/api.w.org\/{rel}","templated":true}]}}