{"id":147682,"date":"2019-09-13T06:00:38","date_gmt":"2019-09-13T09:00:38","guid":{"rendered":"https:\/\/diarioregionaldigital.com.br\/?p=147682"},"modified":"2019-09-12T17:46:43","modified_gmt":"2019-09-12T20:46:43","slug":"melhores-de-2019","status":"publish","type":"post","link":"https:\/\/diarioregionaldigital.com.br\/?p=147682","title":{"rendered":"\u201cMelhores de 2019\u201d"},"content":{"rendered":"<p style=\"text-align: center;\"><strong>Alerta Geral<\/strong><\/p>\n<p style=\"text-align: center;\">Em pleno Setembro Amarelo, este colunista lembra que precisamos falar sobre preven\u00e7\u00e3o ao suic\u00eddio. Segundo dados da OMS, a cada 40 segundos uma pessoa se suicida no mundo, ou seja, s\u00e3o quase 800 mil mortes. Todas elas poderiam ter sido evitadas. A psic\u00f3loga e psicanalista Marena Petra afirma que a nossa sociedade est\u00e1 adoecida. Segundo ela, \u201c\u00e9 poss\u00edvel prevenir o suic\u00eddio, desde que se procure uma sa\u00edda, seja por meio de um acompanhamento m\u00e9dico, psicol\u00f3gico ou at\u00e9 fazendo parcerias com pessoas ou atividades prazerosas\u201d. Est\u00e1 cert\u00edssima.<\/p>\n<p style=\"text-align: center;\"><strong>Natureza<\/strong><\/p>\n<p style=\"text-align: center;\">Em sintonia, alguns pa\u00edses fecharam pacto sobre a Amaz\u00f4nia. No entanto, sete dos nove pa\u00edses amaz\u00f4nicos firmaram acordo que prev\u00ea trabalho conjunto de prote\u00e7\u00e3o \u00e0 floresta com a\u00e7\u00f5es contra o narcotr\u00e1fico, a minera\u00e7\u00e3o ilegal e a expans\u00e3o agropecu\u00e1ria. Apenas Venezuela e Guiana Francesa ficaram fora do pacto.<\/p>\n<p style=\"text-align: center;\"><strong>Ensino <\/strong><\/p>\n<p style=\"text-align: center;\">Em boa hora, os alunos do 9\u00ba ano do ensino fundamental das escolas de Santos Dumont receberam o Projeto Meu Rob\u00f4, desenvolvido pela ArcelorMittal, em parceria com a ONG J\u00fanior Achievement. Os estudantes aprenderam, de maneira l\u00fadica, os conceitos de f\u00edsica, matem\u00e1tica, e programa\u00e7\u00e3o.<\/p>\n<p style=\"text-align: center;\"><strong>Pol\u00edtica<\/strong><\/p>\n<p style=\"text-align: center;\">A crise na Minera\u00e7\u00e3o est\u00e1 afetando a economia de 7 munic\u00edpios mineiros. Um estudo da Fecom\u00e9rcio MG apontou que 80,6% dos empres\u00e1rios relatam um fluxo de clientes muito menor ap\u00f3s a paralisa\u00e7\u00e3o das mineradoras em suas regi\u00f5es e 75,2% n\u00e3o concordam com esse hiato. Na ocasi\u00e3o, a pesquisa ouviu 480 comerciantes das cidades de Brumadinho, Congonhas, Itabirito, Mariana, Nova Lima, Ouro Preto e Sarzedo.<\/p>\n<p style=\"text-align: center;\"><span style=\"font-size: 18pt;\"><strong>\u201cMelhores de 2019\u201d<\/strong><\/span><\/p>\n<p style=\"text-align: center;\">Contagem regressiva para a deslumbrante festa \u201cOs Melhores de 2019\u201d, dia 8 de outubro, no terra\u00e7o do Trade Hotel. Gente elegante e empreendedora j\u00e1 confirmaram presen\u00e7a.<\/p>\n<div id=\"attachment_147658\" style=\"width: 690px\" class=\"wp-caption aligncenter\"><img loading=\"lazy\" decoding=\"async\" aria-describedby=\"caption-attachment-147658\" class=\"wp-image-147658\" src=\"https:\/\/diarioregionaldigital.com.br\/wp-content\/uploads\/2019\/09\/fotoa-8.jpg\" alt=\"\" width=\"680\" height=\"502\" srcset=\"https:\/\/diarioregionaldigital.com.br\/wp-content\/uploads\/2019\/09\/fotoa-8.jpg 1584w, https:\/\/diarioregionaldigital.com.br\/wp-content\/uploads\/2019\/09\/fotoa-8-300x222.jpg 300w, https:\/\/diarioregionaldigital.com.br\/wp-content\/uploads\/2019\/09\/fotoa-8-768x567.jpg 768w, https:\/\/diarioregionaldigital.com.br\/wp-content\/uploads\/2019\/09\/fotoa-8-1024x756.jpg 1024w, https:\/\/diarioregionaldigital.com.br\/wp-content\/uploads\/2019\/09\/fotoa-8-360x266.jpg 360w\" sizes=\"auto, (max-width: 680px) 100vw, 680px\" \/><p id=\"caption-attachment-147658\" class=\"wp-caption-text\">Guilherme Guizelli e Sidney Castro, em ritmo de uni\u00e3o est\u00e1vel no s\u00e1bado (14) com festa em granja no Aeroporto<\/p><\/div>\n<div id=\"attachment_147659\" style=\"width: 690px\" class=\"wp-caption aligncenter\"><img loading=\"lazy\" decoding=\"async\" aria-describedby=\"caption-attachment-147659\" class=\"wp-image-147659\" src=\"https:\/\/diarioregionaldigital.com.br\/wp-content\/uploads\/2019\/09\/fotoaa-2-e1568319885952.jpg\" alt=\"\" width=\"680\" height=\"524\" srcset=\"https:\/\/diarioregionaldigital.com.br\/wp-content\/uploads\/2019\/09\/fotoaa-2-e1568319885952.jpg 616w, https:\/\/diarioregionaldigital.com.br\/wp-content\/uploads\/2019\/09\/fotoaa-2-e1568319885952-300x231.jpg 300w, https:\/\/diarioregionaldigital.com.br\/wp-content\/uploads\/2019\/09\/fotoaa-2-e1568319885952-360x278.jpg 360w\" sizes=\"auto, (max-width: 680px) 100vw, 680px\" \/><p id=\"caption-attachment-147659\" class=\"wp-caption-text\">Em destaque Ana Tereza Ba\u00eata Campomizzi e Arthur Batitucci, aniversariante da semana<\/p><\/div>\n<div id=\"attachment_147660\" style=\"width: 690px\" class=\"wp-caption aligncenter\"><img loading=\"lazy\" decoding=\"async\" aria-describedby=\"caption-attachment-147660\" class=\"wp-image-147660\" src=\"https:\/\/diarioregionaldigital.com.br\/wp-content\/uploads\/2019\/09\/fotob-8-e1568319920281.jpg\" alt=\"\" width=\"680\" height=\"554\" srcset=\"https:\/\/diarioregionaldigital.com.br\/wp-content\/uploads\/2019\/09\/fotob-8-e1568319920281.jpg 1169w, https:\/\/diarioregionaldigital.com.br\/wp-content\/uploads\/2019\/09\/fotob-8-e1568319920281-300x245.jpg 300w, https:\/\/diarioregionaldigital.com.br\/wp-content\/uploads\/2019\/09\/fotob-8-e1568319920281-768x626.jpg 768w, https:\/\/diarioregionaldigital.com.br\/wp-content\/uploads\/2019\/09\/fotob-8-e1568319920281-1024x835.jpg 1024w, https:\/\/diarioregionaldigital.com.br\/wp-content\/uploads\/2019\/09\/fotob-8-e1568319920281-220x180.jpg 220w, https:\/\/diarioregionaldigital.com.br\/wp-content\/uploads\/2019\/09\/fotob-8-e1568319920281-360x293.jpg 360w\" sizes=\"auto, (max-width: 680px) 100vw, 680px\" \/><p id=\"caption-attachment-147660\" class=\"wp-caption-text\">O Viva Ver\u00e3o do belo Josean Pestana em Miracema (RJ)<\/p><\/div>\n<div id=\"attachment_147661\" style=\"width: 690px\" class=\"wp-caption aligncenter\"><img loading=\"lazy\" decoding=\"async\" aria-describedby=\"caption-attachment-147661\" class=\"wp-image-147661\" src=\"https:\/\/diarioregionaldigital.com.br\/wp-content\/uploads\/2019\/09\/fotoc-7-e1568319947315.jpg\" alt=\"\" width=\"680\" height=\"588\" srcset=\"https:\/\/diarioregionaldigital.com.br\/wp-content\/uploads\/2019\/09\/fotoc-7-e1568319947315.jpg 1158w, https:\/\/diarioregionaldigital.com.br\/wp-content\/uploads\/2019\/09\/fotoc-7-e1568319947315-300x259.jpg 300w, https:\/\/diarioregionaldigital.com.br\/wp-content\/uploads\/2019\/09\/fotoc-7-e1568319947315-768x664.jpg 768w, https:\/\/diarioregionaldigital.com.br\/wp-content\/uploads\/2019\/09\/fotoc-7-e1568319947315-1024x885.jpg 1024w, https:\/\/diarioregionaldigital.com.br\/wp-content\/uploads\/2019\/09\/fotoc-7-e1568319947315-360x311.jpg 360w\" sizes=\"auto, (max-width: 680px) 100vw, 680px\" \/><p id=\"caption-attachment-147661\" class=\"wp-caption-text\">A premiada escritora Cecy Barbosa Campos, que faz palestra no s\u00e1bado (14), no Espa\u00e7o Excalibur<\/p><\/div>\n<div id=\"attachment_147663\" style=\"width: 690px\" class=\"wp-caption aligncenter\"><img loading=\"lazy\" decoding=\"async\" aria-describedby=\"caption-attachment-147663\" class=\"wp-image-147663\" src=\"https:\/\/diarioregionaldigital.com.br\/wp-content\/uploads\/2019\/09\/fotoe-7-e1568319981207.jpg\" alt=\"\" width=\"680\" height=\"528\" srcset=\"https:\/\/diarioregionaldigital.com.br\/wp-content\/uploads\/2019\/09\/fotoe-7-e1568319981207.jpg 1169w, https:\/\/diarioregionaldigital.com.br\/wp-content\/uploads\/2019\/09\/fotoe-7-e1568319981207-300x233.jpg 300w, https:\/\/diarioregionaldigital.com.br\/wp-content\/uploads\/2019\/09\/fotoe-7-e1568319981207-768x596.jpg 768w, https:\/\/diarioregionaldigital.com.br\/wp-content\/uploads\/2019\/09\/fotoe-7-e1568319981207-1024x794.jpg 1024w, https:\/\/diarioregionaldigital.com.br\/wp-content\/uploads\/2019\/09\/fotoe-7-e1568319981207-360x279.jpg 360w\" sizes=\"auto, (max-width: 680px) 100vw, 680px\" \/><p id=\"caption-attachment-147663\" class=\"wp-caption-text\">No Trade Hotel fazendo a diferen\u00e7a, os bonit\u00f5es Anderson Campos e Guilherme Nascimento<\/p><\/div>\n<div id=\"attachment_147664\" style=\"width: 690px\" class=\"wp-caption aligncenter\"><img loading=\"lazy\" decoding=\"async\" aria-describedby=\"caption-attachment-147664\" class=\"wp-image-147664\" src=\"https:\/\/diarioregionaldigital.com.br\/wp-content\/uploads\/2019\/09\/fotof-8.jpg\" alt=\"\" width=\"680\" height=\"452\" srcset=\"https:\/\/diarioregionaldigital.com.br\/wp-content\/uploads\/2019\/09\/fotof-8.jpg 1770w, https:\/\/diarioregionaldigital.com.br\/wp-content\/uploads\/2019\/09\/fotof-8-300x199.jpg 300w, https:\/\/diarioregionaldigital.com.br\/wp-content\/uploads\/2019\/09\/fotof-8-768x510.jpg 768w, https:\/\/diarioregionaldigital.com.br\/wp-content\/uploads\/2019\/09\/fotof-8-1024x680.jpg 1024w, https:\/\/diarioregionaldigital.com.br\/wp-content\/uploads\/2019\/09\/fotof-8-360x239.jpg 360w\" sizes=\"auto, (max-width: 680px) 100vw, 680px\" \/><p id=\"caption-attachment-147664\" class=\"wp-caption-text\">Mulheres elegantes no Baile da Odontologia, Claudia Lamha, Eliana Lamha e Adriana Lamha<\/p><\/div>\n<div id=\"attachment_147665\" style=\"width: 690px\" class=\"wp-caption aligncenter\"><img loading=\"lazy\" decoding=\"async\" aria-describedby=\"caption-attachment-147665\" class=\"wp-image-147665\" src=\"https:\/\/diarioregionaldigital.com.br\/wp-content\/uploads\/2019\/09\/fotog-8-e1568320009514.jpg\" alt=\"\" width=\"680\" height=\"484\" srcset=\"https:\/\/diarioregionaldigital.com.br\/wp-content\/uploads\/2019\/09\/fotog-8-e1568320009514.jpg 1175w, https:\/\/diarioregionaldigital.com.br\/wp-content\/uploads\/2019\/09\/fotog-8-e1568320009514-300x213.jpg 300w, https:\/\/diarioregionaldigital.com.br\/wp-content\/uploads\/2019\/09\/fotog-8-e1568320009514-768x546.jpg 768w, https:\/\/diarioregionaldigital.com.br\/wp-content\/uploads\/2019\/09\/fotog-8-e1568320009514-1024x729.jpg 1024w, https:\/\/diarioregionaldigital.com.br\/wp-content\/uploads\/2019\/09\/fotog-8-e1568320009514-360x256.jpg 360w, https:\/\/diarioregionaldigital.com.br\/wp-content\/uploads\/2019\/09\/fotog-8-e1568320009514-100x70.jpg 100w\" sizes=\"auto, (max-width: 680px) 100vw, 680px\" \/><p id=\"caption-attachment-147665\" class=\"wp-caption-text\">Em noite descontra\u00edda no Rainbow Fest, os pirilampos, Ramon Calixto, Marcos Trajano e Oswaldo Braga<\/p><\/div>\n<div id=\"attachment_147666\" style=\"width: 690px\" class=\"wp-caption aligncenter\"><img loading=\"lazy\" decoding=\"async\" aria-describedby=\"caption-attachment-147666\" class=\"wp-image-147666\" src=\"https:\/\/diarioregionaldigital.com.br\/wp-content\/uploads\/2019\/09\/fotoh-8-e1568320031587.jpg\" alt=\"\" width=\"680\" height=\"501\" srcset=\"https:\/\/diarioregionaldigital.com.br\/wp-content\/uploads\/2019\/09\/fotoh-8-e1568320031587.jpg 1194w, https:\/\/diarioregionaldigital.com.br\/wp-content\/uploads\/2019\/09\/fotoh-8-e1568320031587-300x221.jpg 300w, https:\/\/diarioregionaldigital.com.br\/wp-content\/uploads\/2019\/09\/fotoh-8-e1568320031587-768x566.jpg 768w, https:\/\/diarioregionaldigital.com.br\/wp-content\/uploads\/2019\/09\/fotoh-8-e1568320031587-1024x755.jpg 1024w, https:\/\/diarioregionaldigital.com.br\/wp-content\/uploads\/2019\/09\/fotoh-8-e1568320031587-360x265.jpg 360w\" sizes=\"auto, (max-width: 680px) 100vw, 680px\" \/><p id=\"caption-attachment-147666\" class=\"wp-caption-text\">Em tarde flu\u00edda em Matias Barbosa, o coiffeur Alexandre Henter<\/p><\/div>\n<div id=\"attachment_147667\" style=\"width: 690px\" class=\"wp-caption aligncenter\"><img loading=\"lazy\" decoding=\"async\" aria-describedby=\"caption-attachment-147667\" class=\"wp-image-147667\" src=\"https:\/\/diarioregionaldigital.com.br\/wp-content\/uploads\/2019\/09\/fotoi-7.jpg\" alt=\"\" width=\"680\" height=\"457\" srcset=\"https:\/\/diarioregionaldigital.com.br\/wp-content\/uploads\/2019\/09\/fotoi-7.jpg 1758w, https:\/\/diarioregionaldigital.com.br\/wp-content\/uploads\/2019\/09\/fotoi-7-300x202.jpg 300w, https:\/\/diarioregionaldigital.com.br\/wp-content\/uploads\/2019\/09\/fotoi-7-768x516.jpg 768w, https:\/\/diarioregionaldigital.com.br\/wp-content\/uploads\/2019\/09\/fotoi-7-1024x688.jpg 1024w, https:\/\/diarioregionaldigital.com.br\/wp-content\/uploads\/2019\/09\/fotoi-7-360x242.jpg 360w\" sizes=\"auto, (max-width: 680px) 100vw, 680px\" \/><p id=\"caption-attachment-147667\" class=\"wp-caption-text\">Show de celebridades na Esta\u00e7\u00e3o Grill, Marluce Fajardo Henriques, Sarah Reis, Juliana Lamha, Myrliane Le\u00e3o e Alex Martins<\/p><\/div>\n<div id=\"attachment_147668\" style=\"width: 690px\" class=\"wp-caption aligncenter\"><img loading=\"lazy\" decoding=\"async\" aria-describedby=\"caption-attachment-147668\" class=\"wp-image-147668\" src=\"https:\/\/diarioregionaldigital.com.br\/wp-content\/uploads\/2019\/09\/fotoj-7.jpg\" alt=\"\" width=\"680\" height=\"456\" srcset=\"https:\/\/diarioregionaldigital.com.br\/wp-content\/uploads\/2019\/09\/fotoj-7.jpg 1752w, https:\/\/diarioregionaldigital.com.br\/wp-content\/uploads\/2019\/09\/fotoj-7-300x201.jpg 300w, https:\/\/diarioregionaldigital.com.br\/wp-content\/uploads\/2019\/09\/fotoj-7-768x516.jpg 768w, https:\/\/diarioregionaldigital.com.br\/wp-content\/uploads\/2019\/09\/fotoj-7-1024x687.jpg 1024w, https:\/\/diarioregionaldigital.com.br\/wp-content\/uploads\/2019\/09\/fotoj-7-360x242.jpg 360w\" sizes=\"auto, (max-width: 680px) 100vw, 680px\" \/><p id=\"caption-attachment-147668\" class=\"wp-caption-text\">No lan\u00e7amento ver\u00e3o da Veneno na rua Jos\u00e9 Ces\u00e1rio, o pool elegante, Darcy Pontes, L\u00facia Silva (anfitri\u00e3), Sonia Kneip, Silv\u00e2nia Noel e Regina Oliveira, com o colunista<\/p><\/div>\n<p style=\"text-align: center;\"><strong>FOTOSS\u00cdNTESE<\/strong><\/p>\n<p>Com repert\u00f3rio de sucessos dos anos 1970, a Orquestra Mineira de Rock celebrou 20 anos de atividades, com um espet\u00e1culo eletrizante no palco do Cine-Theatro Central. Na plateia rockeiros de toda uma gera\u00e7\u00e3o de Juiz de Fora.<\/p>\n<p>Bastante concorrida na FliMinas em Rio Novo, a apresenta\u00e7\u00e3o do livro do professor Cristiano Fernandes com o tema infanto-juvenil \u201cQue cores os sonhos t\u00eam?\u201d<\/p>\n<p>Foi no Bar do Buneco a comemora\u00e7\u00e3o do anivers\u00e1rio de Meire Milhomens. Por l\u00e1 Liliane Manera e Sandra Cordeiro.<\/p>\n<p>Sempre gentil e alto astral, o professor da C\u00e2ndido Tostes Nelson Tenchini est\u00e1 comandando uma barraca de queijos regados a azeites especiais na Festa Alem\u00e3 no Borboleta.<\/p>\n<p>No s\u00e1bado (14), diversos artistas de Juiz de Fora se re\u00fanem em um show no Caminho da Ro\u00e7a, em solidariedade ao m\u00fasico-baixista Adilson Martins, v\u00edtima de um AVC. Belo exemplo.<\/p>\n<p>Na sexta-feira (13), tem barulho de rock com o In\u00eas \u00e9 Morta, na Necessaire, \u00e0s 21h. O bate-local fica na Rua Halfeld, n\u00ba 395.<\/p>\n<p>Sessenta atletas de 11 a 18 anos participam at\u00e9 domingo (15) na Arena T\u00eanis Clube pelo FMT 1000 J\u00fanior &#8211; Copa Arena. O colunista estar\u00e1 na torcida pelo afilhado desta p\u00e1gina Luis Felipe Miana, que conquistou recentemente, os t\u00edtulos de duplas e simples da etapa do Circuito Nacional, na categoria at\u00e9 16 anos. Na coordena\u00e7\u00e3o do evento Thiago Aguiar. Entrada gr\u00e1tis.<\/p>\n<p>O juiz-forano Thiagus Petrus foi eleito o melhor defensor da Liga Espanhola de Handebol, na Supercopa, jogando pelo Barcelona. Aplausos.<\/p>\n<p>Com o tema Bauhaus 100 anos, ser\u00e1 de 26 de setembro a 3 de novembro no Victory Bussiness Hotel, a nova edi\u00e7\u00e3o da Casa Design Juiz de Fora.<\/p>\n<p>Ana Paula Torquato lan\u00e7ou na FliMinas, em Rio Novo (MG), a segunda edi\u00e7\u00e3o do livro \u201cO ter e o ser\u201d.<\/p>\n<p>Para ficar feliz pense sempre: \u201cSou como a haste fina, que qualquer brisa verga, mas nenhuma espada corta\u201d. Bom dia.<\/p>\n<p><img loading=\"lazy\" decoding=\"async\" class=\"aligncenter size-full wp-image-147683\" src=\"https:\/\/diarioregionaldigital.com.br\/wp-content\/uploads\/2019\/09\/anuncio-29.jpg\" alt=\"\" width=\"1746\" height=\"614\" srcset=\"https:\/\/diarioregionaldigital.com.br\/wp-content\/uploads\/2019\/09\/anuncio-29.jpg 1746w, https:\/\/diarioregionaldigital.com.br\/wp-content\/uploads\/2019\/09\/anuncio-29-300x105.jpg 300w, https:\/\/diarioregionaldigital.com.br\/wp-content\/uploads\/2019\/09\/anuncio-29-768x270.jpg 768w, https:\/\/diarioregionaldigital.com.br\/wp-content\/uploads\/2019\/09\/anuncio-29-1024x360.jpg 1024w, https:\/\/diarioregionaldigital.com.br\/wp-content\/uploads\/2019\/09\/anuncio-29-360x127.jpg 360w\" sizes=\"auto, (max-width: 1746px) 100vw, 1746px\" \/><\/p>\n","protected":false},"excerpt":{"rendered":"<p>Alerta Geral Em pleno Setembro Amarelo, este colunista lembra que precisamos falar sobre preven\u00e7\u00e3o ao suic\u00eddio. Segundo dados da OMS, a cada 40 segundos uma pessoa se suicida no mundo, ou seja, s\u00e3o quase 800 mil mortes. Todas elas poderiam ter sido evitadas. A psic\u00f3loga e psicanalista Marena Petra afirma que a nossa sociedade est\u00e1 [&hellip;]<\/p>\n","protected":false},"author":96,"featured_media":147658,"comment_status":"closed","ping_status":"closed","sticky":false,"template":"","format":"standard","meta":{"footnotes":""},"categories":[264],"tags":[],"class_list":["post-147682","post","type-post","status-publish","format-standard","has-post-thumbnail","hentry","category-eduardo-gomes"],"_links":{"self":[{"href":"https:\/\/diarioregionaldigital.com.br\/index.php?rest_route=\/wp\/v2\/posts\/147682","targetHints":{"allow":["GET"]}}],"collection":[{"href":"https:\/\/diarioregionaldigital.com.br\/index.php?rest_route=\/wp\/v2\/posts"}],"about":[{"href":"https:\/\/diarioregionaldigital.com.br\/index.php?rest_route=\/wp\/v2\/types\/post"}],"author":[{"embeddable":true,"href":"https:\/\/diarioregionaldigital.com.br\/index.php?rest_route=\/wp\/v2\/users\/96"}],"replies":[{"embeddable":true,"href":"https:\/\/diarioregionaldigital.com.br\/index.php?rest_route=%2Fwp%2Fv2%2Fcomments&post=147682"}],"version-history":[{"count":0,"href":"https:\/\/diarioregionaldigital.com.br\/index.php?rest_route=\/wp\/v2\/posts\/147682\/revisions"}],"wp:featuredmedia":[{"embeddable":true,"href":"https:\/\/diarioregionaldigital.com.br\/index.php?rest_route=\/wp\/v2\/media\/147658"}],"wp:attachment":[{"href":"https:\/\/diarioregionaldigital.com.br\/index.php?rest_route=%2Fwp%2Fv2%2Fmedia&parent=147682"}],"wp:term":[{"taxonomy":"category","embeddable":true,"href":"https:\/\/diarioregionaldigital.com.br\/index.php?rest_route=%2Fwp%2Fv2%2Fcategories&post=147682"},{"taxonomy":"post_tag","embeddable":true,"href":"https:\/\/diarioregionaldigital.com.br\/index.php?rest_route=%2Fwp%2Fv2%2Ftags&post=147682"}],"curies":[{"name":"wp","href":"https:\/\/api.w.org\/{rel}","templated":true}]}}