{"id":147678,"date":"2019-09-12T17:25:00","date_gmt":"2019-09-12T20:25:00","guid":{"rendered":"https:\/\/diarioregionaldigital.com.br\/?p=147678"},"modified":"2019-09-12T17:25:00","modified_gmt":"2019-09-12T20:25:00","slug":"academicos-de-comunicacao-visitam-nucleo-do-bom-de-bola","status":"publish","type":"post","link":"https:\/\/diarioregionaldigital.com.br\/?p=147678","title":{"rendered":"Acad\u00eamicos de comunica\u00e7\u00e3o visitam n\u00facleo do \u201cBom de Bola\u201d"},"content":{"rendered":"<p>Todos os meses, os programas socioesportivos da Secretaria de Esporte e Lazer (SEL) da Prefeitura de Juiz de Fora (PJF) chamam a aten\u00e7\u00e3o de estudantes de jornalismo, que buscam pautas esportivas para mat\u00e9rias e trabalhos acad\u00eamicos. Na manh\u00e3 desta quinta-feira, 12, foi a vez dos estudantes do Centro de Ensino Superior (Ces\/JF), Saulo Carvalho e Julia Reiter, visitarem o n\u00facleo Nova Uni\u00e3o, do Programa \u201cBom de Bola\u201d, no S\u00e3o Pedro. Eles acompanharam a aula e conversaram com o instrutor Adilson Gomes, com pai de aluno e gravaram v\u00eddeos.<\/p>\n<p>Saulo gostou de conhecer o \u201cBom de Bola\u201d: \u201cEu nunca fui ligado ao futebol, mas fiquei encantado com o projeto. Foi uma experi\u00eancia muito interessante\u201d. J\u00e1 Julia ficou muito emocionada: \u201cPercebi que \u00e9 mais que o futebol, a amizade aqui prevalece muito\u201d.<\/p>\n<p>&nbsp;<\/p>\n<p><strong>BOM DE BOLA<\/strong><\/p>\n<p>O \u201cBom de Bola\u201d possui 500 alunos nos n\u00facleos em diferentes regi\u00f5es da cidade e oferece vagas para crian\u00e7as e adolescentes entre 6 e 16 anos, matriculados na rede escolar p\u00fablica ou privada. O programa tem por objetivo propiciar a crian\u00e7as e adolescentes, principalmente \u00e0queles em risco social, atividade orientada, capaz de afast\u00e1-los das drogas e da viol\u00eancia. Atrav\u00e9s do programa, busca-se mudan\u00e7a de comportamento do aluno, trazendo-lhe mais sociabilidade, concentra\u00e7\u00e3o, disciplina e sa\u00fade. Al\u00e9m do treinamento cont\u00ednuo na modalidade de futebol, s\u00e3o realizados torneios internos entre os n\u00facleos, a fim de selecionar os melhores jogadores de cada categoria e formar a equipe do &#8220;Bom de Bola&#8221;, para disputar partidas oficiais, a princ\u00edpio em campeonatos municipais e regionais.<\/p>\n<p>Para fazer a inscri\u00e7\u00e3o, \u00e9 s\u00f3 procurar o instrutor no local e hor\u00e1rio da aula. Para conhecer os locais e hor\u00e1rios, \u00e9 s\u00f3 acessar pjf.mg.gov.br\/programas\/bom_de_bola ou ligar para 3690-7845.<\/p>\n<p>Fonte: Assessoria<\/p>\n","protected":false},"excerpt":{"rendered":"<p>Todos os meses, os programas socioesportivos da Secretaria de Esporte e Lazer (SEL) da Prefeitura de Juiz de Fora (PJF) chamam a aten\u00e7\u00e3o de estudantes de jornalismo, que buscam pautas esportivas para mat\u00e9rias e trabalhos acad\u00eamicos. Na manh\u00e3 desta quinta-feira, 12, foi a vez dos estudantes do Centro de Ensino Superior (Ces\/JF), Saulo Carvalho e [&hellip;]<\/p>\n","protected":false},"author":96,"featured_media":147674,"comment_status":"closed","ping_status":"closed","sticky":false,"template":"","format":"standard","meta":{"footnotes":""},"categories":[436,257,439],"tags":[],"class_list":["post-147678","post","type-post","status-publish","format-standard","has-post-thumbnail","hentry","category-destaque-da-semana","category-esporte","category-ultima-hora"],"_links":{"self":[{"href":"https:\/\/diarioregionaldigital.com.br\/index.php?rest_route=\/wp\/v2\/posts\/147678","targetHints":{"allow":["GET"]}}],"collection":[{"href":"https:\/\/diarioregionaldigital.com.br\/index.php?rest_route=\/wp\/v2\/posts"}],"about":[{"href":"https:\/\/diarioregionaldigital.com.br\/index.php?rest_route=\/wp\/v2\/types\/post"}],"author":[{"embeddable":true,"href":"https:\/\/diarioregionaldigital.com.br\/index.php?rest_route=\/wp\/v2\/users\/96"}],"replies":[{"embeddable":true,"href":"https:\/\/diarioregionaldigital.com.br\/index.php?rest_route=%2Fwp%2Fv2%2Fcomments&post=147678"}],"version-history":[{"count":0,"href":"https:\/\/diarioregionaldigital.com.br\/index.php?rest_route=\/wp\/v2\/posts\/147678\/revisions"}],"wp:featuredmedia":[{"embeddable":true,"href":"https:\/\/diarioregionaldigital.com.br\/index.php?rest_route=\/wp\/v2\/media\/147674"}],"wp:attachment":[{"href":"https:\/\/diarioregionaldigital.com.br\/index.php?rest_route=%2Fwp%2Fv2%2Fmedia&parent=147678"}],"wp:term":[{"taxonomy":"category","embeddable":true,"href":"https:\/\/diarioregionaldigital.com.br\/index.php?rest_route=%2Fwp%2Fv2%2Fcategories&post=147678"},{"taxonomy":"post_tag","embeddable":true,"href":"https:\/\/diarioregionaldigital.com.br\/index.php?rest_route=%2Fwp%2Fv2%2Ftags&post=147678"}],"curies":[{"name":"wp","href":"https:\/\/api.w.org\/{rel}","templated":true}]}}