{"id":147676,"date":"2019-09-12T17:24:06","date_gmt":"2019-09-12T20:24:06","guid":{"rendered":"https:\/\/diarioregionaldigital.com.br\/?p=147676"},"modified":"2019-09-12T17:24:06","modified_gmt":"2019-09-12T20:24:06","slug":"robert-scheidt-vai-ganhar-biografia-apos-os-jogos-de-2020","status":"publish","type":"post","link":"https:\/\/diarioregionaldigital.com.br\/?p=147676","title":{"rendered":"Robert Scheidt vai ganhar biografia ap\u00f3s os Jogos de 2020"},"content":{"rendered":"<p>Em campanha para disputar a s\u00e9tima Olimp\u00edada, o velejador Robert Scheidt vai ganhar uma biografia em 2020. O livro, ainda em fase de apura\u00e7\u00e3o e capta\u00e7\u00e3o de patroc\u00ednio, vai contar a trajet\u00f3ria de vida e carreira do bicampe\u00e3o e maior medalhista do Brasil na hist\u00f3ria dos Jogos Ol\u00edmpicos.<\/p>\n<p>\u201cRobert Scheidt n\u00e3o \u00e9 apenas um dos maiores nomes da hist\u00f3ria do esporte mundial, mas um atleta que ajudou a revolucionar sua modalidade. N\u00e3o apenas em termos de t\u00e9cnica de velejada, mas tamb\u00e9m fora da \u00e1gua ao gerenciar uma carreira em um n\u00edvel de profissionalismo in\u00e9dito at\u00e9 sua ascens\u00e3o, iniciada em 1996, quando conquistou a primeira medalha ol\u00edmpica\u201d, declara De Marco.<\/p>\n<p>De Marco revela que a ideia inicial era lan\u00e7ar o livro antes da Olimp\u00edada de T\u00f3quio\/2020. Por\u00e9m, como Scheidt decidiu interromper a aposentadoria da vela ol\u00edmpica e fez o \u00edndice para integrar a delega\u00e7\u00e3o brasileira, a hist\u00f3ria ganhou mais um cap\u00edtulo. \u201cDisputar sete edi\u00e7\u00f5es de Jogos Ol\u00edmpicos vai representar mais um recorde na carreira de Scheidt e vai acrescentar algumas p\u00e1ginas importantes \u00e0 sua biografia. Vale lembrar que, independentemente se ele vai subir ao p\u00f3dio, garantir vaga na elite da Laser aos 46 anos, na qual seus concorrentes t\u00eam, em m\u00e9dia, 20, n\u00e3o \u00e9 pouca coisa\u201d, conta o autor.<\/p>\n<p>Robert Scheidt tem cinco medalhas ol\u00edmpicas: ouro em Atlanta\/96 e Atenas\/2004 \u2013 ambas na Classe Laser; prata em Sidney\/2000 (na Laser) e Pequim\/2008 (na Star) e bronze em Londres\/2012 (Star). No total, soma 181 t\u00edtulos na carreira, sendo 89 internacionais e 92 nacionais, com destaque para 11 t\u00edtulos mundiais na Classe Laser 1991 (juvenil), 1995, 1996, 1997, 2000, 2001, 2002*, 2004 e 2005 e 2013; e 3 na Classe Star (2007, 2011 e 2012).<\/p>\n<p>&nbsp;<\/p>\n","protected":false},"excerpt":{"rendered":"<p>Em campanha para disputar a s\u00e9tima Olimp\u00edada, o velejador Robert Scheidt vai ganhar uma biografia em 2020. O livro, ainda em fase de apura\u00e7\u00e3o e capta\u00e7\u00e3o de patroc\u00ednio, vai contar a trajet\u00f3ria de vida e carreira do bicampe\u00e3o e maior medalhista do Brasil na hist\u00f3ria dos Jogos Ol\u00edmpicos. \u201cRobert Scheidt n\u00e3o \u00e9 apenas um dos [&hellip;]<\/p>\n","protected":false},"author":96,"featured_media":147673,"comment_status":"closed","ping_status":"closed","sticky":false,"template":"","format":"standard","meta":{"footnotes":""},"categories":[436,257,439],"tags":[],"class_list":["post-147676","post","type-post","status-publish","format-standard","has-post-thumbnail","hentry","category-destaque-da-semana","category-esporte","category-ultima-hora"],"_links":{"self":[{"href":"https:\/\/diarioregionaldigital.com.br\/index.php?rest_route=\/wp\/v2\/posts\/147676","targetHints":{"allow":["GET"]}}],"collection":[{"href":"https:\/\/diarioregionaldigital.com.br\/index.php?rest_route=\/wp\/v2\/posts"}],"about":[{"href":"https:\/\/diarioregionaldigital.com.br\/index.php?rest_route=\/wp\/v2\/types\/post"}],"author":[{"embeddable":true,"href":"https:\/\/diarioregionaldigital.com.br\/index.php?rest_route=\/wp\/v2\/users\/96"}],"replies":[{"embeddable":true,"href":"https:\/\/diarioregionaldigital.com.br\/index.php?rest_route=%2Fwp%2Fv2%2Fcomments&post=147676"}],"version-history":[{"count":0,"href":"https:\/\/diarioregionaldigital.com.br\/index.php?rest_route=\/wp\/v2\/posts\/147676\/revisions"}],"wp:featuredmedia":[{"embeddable":true,"href":"https:\/\/diarioregionaldigital.com.br\/index.php?rest_route=\/wp\/v2\/media\/147673"}],"wp:attachment":[{"href":"https:\/\/diarioregionaldigital.com.br\/index.php?rest_route=%2Fwp%2Fv2%2Fmedia&parent=147676"}],"wp:term":[{"taxonomy":"category","embeddable":true,"href":"https:\/\/diarioregionaldigital.com.br\/index.php?rest_route=%2Fwp%2Fv2%2Fcategories&post=147676"},{"taxonomy":"post_tag","embeddable":true,"href":"https:\/\/diarioregionaldigital.com.br\/index.php?rest_route=%2Fwp%2Fv2%2Ftags&post=147676"}],"curies":[{"name":"wp","href":"https:\/\/api.w.org\/{rel}","templated":true}]}}