{"id":147649,"date":"2019-09-15T06:00:00","date_gmt":"2019-09-15T09:00:00","guid":{"rendered":"https:\/\/diarioregionaldigital.com.br\/?p=147649"},"modified":"2019-09-12T15:53:53","modified_gmt":"2019-09-12T18:53:53","slug":"estupro-bate-recorde-e-maioria-das-vitimas-e-de-meninas-ate-13-anos","status":"publish","type":"post","link":"https:\/\/diarioregionaldigital.com.br\/?p=147649","title":{"rendered":"Estupro bate recorde e maioria das v\u00edtimas \u00e9 de meninas at\u00e9 13 anos"},"content":{"rendered":"<p>O\u00a0<a href=\"http:\/\/www.forumseguranca.org.br\/publicacoes\/13-anuario-brasileiro-de-seguranca-publica\/\">13\u00aa Anu\u00e1rio Brasileiro de Seguran\u00e7a P\u00fablica<\/a>, divulgado na ter\u00e7a-feira, 10, registrou recorde da viol\u00eancia sexual. Foram 66 mil v\u00edtimas de estupro no Brasil em 2018, maior \u00edndice desde que o estudo come\u00e7ou a ser feito em 2007.<\/p>\n<p>A maioria das v\u00edtimas (53,8%) foram meninas de at\u00e9 13 anos. Conforme a estat\u00edstica, apurada em microdados das secretarias de Seguran\u00e7a P\u00fablica de todos os estados e do Distrito Federal, quatro meninas at\u00e9 essa idade s\u00e3o estupradas por hora no pa\u00eds. Ocorrem em m\u00e9dia 180 estupros por dia no Brasil, 4,1% acima do verificado em 2017 pelo anu\u00e1rio.<\/p>\n<p>De acordo com a pesquisadora do F\u00f3rum Brasileiro de Seguran\u00e7a P\u00fablica, Cristina Neme, \u201co perfil do agressor \u00e9 de uma pessoa muito pr\u00f3xima da v\u00edtima, muitas vezes seu familiar\u201d, como pai, av\u00f4 e padrasto conforme identificado em outras edi\u00e7\u00f5es do anu\u00e1rio. O f\u00f3rum \u00e9 o \u00f3rg\u00e3o respons\u00e1vel pela \u00a0publica\u00e7\u00e3o do anu\u00e1rio.<\/p>\n<p>Para a pesquisadora, a reincid\u00eancia do perfil indica que \u201ctem algo estrutural nesse fen\u00f4meno\u201d. Ela avalia que a mudan\u00e7a de comportamento depender\u00e1 de campanhas de educa\u00e7\u00e3o sexual e que o dano exige mais assist\u00eancia e atendimento integral a v\u00edtimas e fam\u00edlias.<\/p>\n<p>De cada dez estupros, oito ocorrem contra meninas e mulheres e dois contra meninos e homens. A maioria das mulheres violadas (50,9%) s\u00e3o negras.<\/p>\n<p><strong>Feminic\u00eddio<\/strong><\/p>\n<p>Al\u00e9m do crescimento da viol\u00eancia sexual, o anu\u00e1rio contabiliza alta dos homic\u00eddios contra mulheres em raz\u00e3o de g\u00eanero, o chamado feminic\u00eddio descrito no C\u00f3digo Penal, ap\u00f3s altera\u00e7\u00e3o feita pela\u00a0<a href=\"http:\/\/www.planalto.gov.br\/ccivil_03\/_ato2015-2018\/2015\/lei\/l13104.htm\">Lei n\u00ba 13.104<\/a>. []<\/p>\n<p>Em 2018, 1.206 mulheres foram v\u00edtimas de feminic\u00eddio, alta de 4% em rela\u00e7\u00e3o ao ano anterior. De cada dez mulheres mortas seis eram negras. A faixa et\u00e1ria das v\u00edtimas \u00e9 mais dilu\u00edda, 28,2% tem entre 20 e 29 anos, 29,8% entre 30 e 39 anos. E 18,5% entre 40 e 49 anos. Nove em cada dez assassinos de mulheres s\u00e3o companheiros ou ex-companheiros.<\/p>\n<p>&nbsp;<\/p>\n<p>Fonte: Ag\u00eancia Brasil<\/p>\n","protected":false},"excerpt":{"rendered":"<p>O\u00a013\u00aa Anu\u00e1rio Brasileiro de Seguran\u00e7a P\u00fablica, divulgado na ter\u00e7a-feira, 10, registrou recorde da viol\u00eancia sexual. Foram 66 mil v\u00edtimas de estupro no Brasil em 2018, maior \u00edndice desde que o estudo come\u00e7ou a ser feito em 2007. A maioria das v\u00edtimas (53,8%) foram meninas de at\u00e9 13 anos. Conforme a estat\u00edstica, apurada em microdados das [&hellip;]<\/p>\n","protected":false},"author":96,"featured_media":147652,"comment_status":"closed","ping_status":"closed","sticky":false,"template":"","format":"standard","meta":{"footnotes":""},"categories":[302,436,440,439],"tags":[],"class_list":["post-147649","post","type-post","status-publish","format-standard","has-post-thumbnail","hentry","category-brasil-mundo","category-destaque-da-semana","category-destaques-do-dia","category-ultima-hora"],"_links":{"self":[{"href":"https:\/\/diarioregionaldigital.com.br\/index.php?rest_route=\/wp\/v2\/posts\/147649","targetHints":{"allow":["GET"]}}],"collection":[{"href":"https:\/\/diarioregionaldigital.com.br\/index.php?rest_route=\/wp\/v2\/posts"}],"about":[{"href":"https:\/\/diarioregionaldigital.com.br\/index.php?rest_route=\/wp\/v2\/types\/post"}],"author":[{"embeddable":true,"href":"https:\/\/diarioregionaldigital.com.br\/index.php?rest_route=\/wp\/v2\/users\/96"}],"replies":[{"embeddable":true,"href":"https:\/\/diarioregionaldigital.com.br\/index.php?rest_route=%2Fwp%2Fv2%2Fcomments&post=147649"}],"version-history":[{"count":0,"href":"https:\/\/diarioregionaldigital.com.br\/index.php?rest_route=\/wp\/v2\/posts\/147649\/revisions"}],"wp:featuredmedia":[{"embeddable":true,"href":"https:\/\/diarioregionaldigital.com.br\/index.php?rest_route=\/wp\/v2\/media\/147652"}],"wp:attachment":[{"href":"https:\/\/diarioregionaldigital.com.br\/index.php?rest_route=%2Fwp%2Fv2%2Fmedia&parent=147649"}],"wp:term":[{"taxonomy":"category","embeddable":true,"href":"https:\/\/diarioregionaldigital.com.br\/index.php?rest_route=%2Fwp%2Fv2%2Fcategories&post=147649"},{"taxonomy":"post_tag","embeddable":true,"href":"https:\/\/diarioregionaldigital.com.br\/index.php?rest_route=%2Fwp%2Fv2%2Ftags&post=147649"}],"curies":[{"name":"wp","href":"https:\/\/api.w.org\/{rel}","templated":true}]}}