{"id":147646,"date":"2019-09-15T06:00:40","date_gmt":"2019-09-15T09:00:40","guid":{"rendered":"https:\/\/diarioregionaldigital.com.br\/?p=147646"},"modified":"2019-09-12T15:49:37","modified_gmt":"2019-09-12T18:49:37","slug":"setor-de-servicos-cresce-08-de-junho-para-julho-no-pais-diz-ibge","status":"publish","type":"post","link":"https:\/\/diarioregionaldigital.com.br\/?p=147646","title":{"rendered":"Setor de servi\u00e7os cresce 0,8% de junho para julho no pa\u00eds, diz IBGE"},"content":{"rendered":"<p>O volume de servi\u00e7os do pa\u00eds teve um crescimento de 0,8% na passagem de junho para julho deste ano, segundo dados da Pesquisa Mensal de Servi\u00e7os (PMS), divulgada na quinta-feira (12) pelo Instituto Brasileiro de Geografia e Estat\u00edstica (IBGE). Com isso, o setor se recupera da queda de 0,7% registrada na passagem de maio para junho.<\/p>\n<p>Os servi\u00e7os cresceram 1,8% na compara\u00e7\u00e3o com julho de 2018, 0,8% no acumulado do ano e 0,9% no acumulado de 12 meses.<\/p>\n<div class=\"dnd-widget-wrapper context-medio_4colunas type-image atom-align-left\">\n<div class=\"dnd-atom-rendered\">\n<figure class=\"mejs-fotoh-wrapper\"><img decoding=\"async\" class=\"img-responsive full full\" title=\"Elza Fi\u00faza\/Arquivo Ag\u00eancia Brasil\" src=\"http:\/\/imagens.ebc.com.br\/Jaj5tKQ6w2xr1ljynybykIVc-Y0=\/365x0\/smart\/http:\/\/agenciabrasil.ebc.com.br\/sites\/default\/files\/atoms\/image\/agencia_dos_correios_-_foto_elza_fiuza-arquivo_agencia_brasil.jpg?itok=vlDjwm-G\" alt=\"Ag\u00eancia dos Correios - Foto Elza Fi\u00faza\/Arquivo Ag\u00eancia Brasil\" \/><\/figure>\n<\/div>\n<div class=\"dnd-caption-wrapper\">\n<h6 class=\"meta\">Servi\u00e7os auxiliares de transporte e correios tiveram alta de 0,7% &#8211;\u00a0<strong>Elza Fi\u00faza\/Arquivo Ag\u00eancia Brasil<\/strong><\/h6>\n<\/div>\n<\/div>\n<p>A alta de junho para julho foi puxada pelos servi\u00e7os de informa\u00e7\u00e3o e comunica\u00e7\u00e3o, que avan\u00e7aram 1,8% no per\u00edodo, que recuperou parte da perda de 2,2% do m\u00eas anterior. Tamb\u00e9m tiveram alta os segmentos de outros servi\u00e7os (4,6%) e de transportes, servi\u00e7os auxiliares de transportes e correios (0,7%).<\/p>\n<p>Por outro lado, tiveram queda os segmentos de servi\u00e7os prestados \u00e0s fam\u00edlias (-0,5%) e servi\u00e7os profissionais, administrativos e complementares (-1,3%).<\/p>\n<p>A receita nominal do setor cresceu 1,6% de junho para julho, 4,7% na compara\u00e7\u00e3o com julho de 2018, 4,3% no acumulado do ano e 4,2% no acumulado de 12 meses.<\/p>\n<p>Fonte: Ag\u00eancia Brasil<\/p>\n","protected":false},"excerpt":{"rendered":"<p>O volume de servi\u00e7os do pa\u00eds teve um crescimento de 0,8% na passagem de junho para julho deste ano, segundo dados da Pesquisa Mensal de Servi\u00e7os (PMS), divulgada na quinta-feira (12) pelo Instituto Brasileiro de Geografia e Estat\u00edstica (IBGE). Com isso, o setor se recupera da queda de 0,7% registrada na passagem de maio para [&hellip;]<\/p>\n","protected":false},"author":96,"featured_media":146764,"comment_status":"closed","ping_status":"closed","sticky":false,"template":"","format":"standard","meta":{"footnotes":""},"categories":[436,261,439],"tags":[],"class_list":["post-147646","post","type-post","status-publish","format-standard","has-post-thumbnail","hentry","category-destaque-da-semana","category-economia","category-ultima-hora"],"_links":{"self":[{"href":"https:\/\/diarioregionaldigital.com.br\/index.php?rest_route=\/wp\/v2\/posts\/147646","targetHints":{"allow":["GET"]}}],"collection":[{"href":"https:\/\/diarioregionaldigital.com.br\/index.php?rest_route=\/wp\/v2\/posts"}],"about":[{"href":"https:\/\/diarioregionaldigital.com.br\/index.php?rest_route=\/wp\/v2\/types\/post"}],"author":[{"embeddable":true,"href":"https:\/\/diarioregionaldigital.com.br\/index.php?rest_route=\/wp\/v2\/users\/96"}],"replies":[{"embeddable":true,"href":"https:\/\/diarioregionaldigital.com.br\/index.php?rest_route=%2Fwp%2Fv2%2Fcomments&post=147646"}],"version-history":[{"count":0,"href":"https:\/\/diarioregionaldigital.com.br\/index.php?rest_route=\/wp\/v2\/posts\/147646\/revisions"}],"wp:featuredmedia":[{"embeddable":true,"href":"https:\/\/diarioregionaldigital.com.br\/index.php?rest_route=\/wp\/v2\/media\/146764"}],"wp:attachment":[{"href":"https:\/\/diarioregionaldigital.com.br\/index.php?rest_route=%2Fwp%2Fv2%2Fmedia&parent=147646"}],"wp:term":[{"taxonomy":"category","embeddable":true,"href":"https:\/\/diarioregionaldigital.com.br\/index.php?rest_route=%2Fwp%2Fv2%2Fcategories&post=147646"},{"taxonomy":"post_tag","embeddable":true,"href":"https:\/\/diarioregionaldigital.com.br\/index.php?rest_route=%2Fwp%2Fv2%2Ftags&post=147646"}],"curies":[{"name":"wp","href":"https:\/\/api.w.org\/{rel}","templated":true}]}}