{"id":147644,"date":"2019-09-15T06:00:42","date_gmt":"2019-09-15T09:00:42","guid":{"rendered":"https:\/\/diarioregionaldigital.com.br\/?p=147644"},"modified":"2019-09-12T15:46:06","modified_gmt":"2019-09-12T18:46:06","slug":"bancos-aumentam-projecao-de-deficit-das-contas-publicas","status":"publish","type":"post","link":"https:\/\/diarioregionaldigital.com.br\/?p=147644","title":{"rendered":"Bancos aumentam proje\u00e7\u00e3o de d\u00e9ficit das contas p\u00fablicas"},"content":{"rendered":"<p>Institui\u00e7\u00f5es financeiras consultadas pelo Minist\u00e9rio da Fazenda aumentaram a previs\u00e3o para o resultado negativo das contas p\u00fablicas, neste ano. A estimativa do d\u00e9ficit prim\u00e1rio do Governo Central, formado por Tesouro Nacional, Previd\u00eancia Social e Banco Central, passou de R$ 103,217, em agosto, para R$ 104,068 bilh\u00f5es. Mesmo assim, a estimativa est\u00e1 abaixo da meta de d\u00e9ficit perseguida pelo governo de R$ 139 bilh\u00f5es. O resultado prim\u00e1rio \u00e9 formado por receitas menos despesas, sem considerar os gastos com juros.<\/p>\n<p>Os dados constam da pesquisa Prisma Fiscal, elaborada pela Secretaria de Pol\u00edtica Econ\u00f4mica do Minist\u00e9rio da Economia, com base em informa\u00e7\u00f5es do mercado financeiro.<\/p>\n<p>Para 2020, a estimativa das institui\u00e7\u00f5es financeiras \u00e9 de um d\u00e9ficit de R$ 70,875 bilh\u00f5es, contra R$ 70 bilh\u00f5es previstos em agosto. A meta de d\u00e9ficit prim\u00e1rio para 2020 \u00e9 R$ 124,1 bilh\u00f5es.<\/p>\n<p>A previs\u00e3o para as despesas passou de R$ 1,412 trilh\u00e3o para R$ 1,408 trilh\u00e3o em 2019, e foi mantida em R$ 1.473 trilh\u00e3o em 2020. A previs\u00e3o para as receitas l\u00edquidas foi alterada de R$ 1,307 trilh\u00e3o para R$ 1,3 trilh\u00e3o, neste ano, e de R$ 1,398 trilh\u00e3o para R$ 1,391 trilh\u00e3o, em 2020.<\/p>\n<p>A pesquisa apresenta tamb\u00e9m a proje\u00e7\u00e3o para a d\u00edvida bruta do Governo Central, que, na avalia\u00e7\u00e3o das institui\u00e7\u00f5es financeiras, deve ficar em 78,5% do Produto Interno Bruto (PIB, a soma de todas as riquezas produzidas pelo pa\u00eds), neste ano, a mesma previs\u00e3o anterior. Para 2020, a estimativa ficou em 79,7% do PIB, ante 80% previstos no m\u00eas passado.<\/p>\n<p>&nbsp;<\/p>\n<p>Fonte: Ag\u00eancia Brasil<\/p>\n","protected":false},"excerpt":{"rendered":"<p>Institui\u00e7\u00f5es financeiras consultadas pelo Minist\u00e9rio da Fazenda aumentaram a previs\u00e3o para o resultado negativo das contas p\u00fablicas, neste ano. A estimativa do d\u00e9ficit prim\u00e1rio do Governo Central, formado por Tesouro Nacional, Previd\u00eancia Social e Banco Central, passou de R$ 103,217, em agosto, para R$ 104,068 bilh\u00f5es. Mesmo assim, a estimativa est\u00e1 abaixo da meta de [&hellip;]<\/p>\n","protected":false},"author":96,"featured_media":143487,"comment_status":"closed","ping_status":"closed","sticky":false,"template":"","format":"standard","meta":{"footnotes":""},"categories":[436,261,439],"tags":[],"class_list":["post-147644","post","type-post","status-publish","format-standard","has-post-thumbnail","hentry","category-destaque-da-semana","category-economia","category-ultima-hora"],"_links":{"self":[{"href":"https:\/\/diarioregionaldigital.com.br\/index.php?rest_route=\/wp\/v2\/posts\/147644","targetHints":{"allow":["GET"]}}],"collection":[{"href":"https:\/\/diarioregionaldigital.com.br\/index.php?rest_route=\/wp\/v2\/posts"}],"about":[{"href":"https:\/\/diarioregionaldigital.com.br\/index.php?rest_route=\/wp\/v2\/types\/post"}],"author":[{"embeddable":true,"href":"https:\/\/diarioregionaldigital.com.br\/index.php?rest_route=\/wp\/v2\/users\/96"}],"replies":[{"embeddable":true,"href":"https:\/\/diarioregionaldigital.com.br\/index.php?rest_route=%2Fwp%2Fv2%2Fcomments&post=147644"}],"version-history":[{"count":0,"href":"https:\/\/diarioregionaldigital.com.br\/index.php?rest_route=\/wp\/v2\/posts\/147644\/revisions"}],"wp:featuredmedia":[{"embeddable":true,"href":"https:\/\/diarioregionaldigital.com.br\/index.php?rest_route=\/wp\/v2\/media\/143487"}],"wp:attachment":[{"href":"https:\/\/diarioregionaldigital.com.br\/index.php?rest_route=%2Fwp%2Fv2%2Fmedia&parent=147644"}],"wp:term":[{"taxonomy":"category","embeddable":true,"href":"https:\/\/diarioregionaldigital.com.br\/index.php?rest_route=%2Fwp%2Fv2%2Fcategories&post=147644"},{"taxonomy":"post_tag","embeddable":true,"href":"https:\/\/diarioregionaldigital.com.br\/index.php?rest_route=%2Fwp%2Fv2%2Ftags&post=147644"}],"curies":[{"name":"wp","href":"https:\/\/api.w.org\/{rel}","templated":true}]}}