{"id":147641,"date":"2019-09-15T06:00:41","date_gmt":"2019-09-15T09:00:41","guid":{"rendered":"https:\/\/diarioregionaldigital.com.br\/?p=147641"},"modified":"2019-09-12T15:42:15","modified_gmt":"2019-09-12T18:42:15","slug":"comissao-libera-pagamento-do-bpc-a-mais-de-um-deficiente-na-mesma-familia","status":"publish","type":"post","link":"https:\/\/diarioregionaldigital.com.br\/?p=147641","title":{"rendered":"Comiss\u00e3o libera pagamento do BPC a mais de um deficiente na mesma fam\u00edlia"},"content":{"rendered":"<p>A Comiss\u00e3o de Direitos Humanos (CDH) aprovou na quinta-feira (12) a proposta que permite que o Benef\u00edcio de Presta\u00e7\u00e3o Continuada (BPC) seja pago a mais de uma pessoa com defici\u00eancia na mesma fam\u00edlia. Agora o projeto de lei (<a class=\"external-link\" href=\"http:\/\/www25.senado.leg.br\/web\/atividade\/materias\/-\/materia\/137100\">PL 3.260\/2019<\/a>) segue para vota\u00e7\u00e3o na Comiss\u00e3o de Assuntos Sociais (CAS), em car\u00e1ter terminativo.<\/p>\n<p>Ao escrever a proposta, a senadora Mara Gabrilli (PSDB-SP) demonstrou que, se o BPC de uma pessoa com defici\u00eancia for inclu\u00eddo no c\u00e1lculo da renda familiar\u00a0per capita, um segundo membro da fam\u00edlia com deficiente n\u00e3o poderia receber o benef\u00edcio previsto na Lei Org\u00e2nica da Assist\u00eancia Social (<a class=\"external-link\" href=\"http:\/\/www.planalto.gov.br\/ccivil_03\/LEIS\/L8742.htm\">Lei 8.742, de 1993<\/a>&#8211; Loas). Mara quer acrescentar ao Estatuto da Pessoa com Defici\u00eancia (<a class=\"external-link\" href=\"http:\/\/www.planalto.gov.br\/ccivil_03\/_ato2015-2018\/2015\/lei\/l13146.htm\">Lei 13.146, de 2015<\/a>) a determina\u00e7\u00e3o de que o BPC recebido por qualquer membro da fam\u00edlia em raz\u00e3o de defici\u00eancia n\u00e3o seja computado na renda per capita da fam\u00edlia.<\/p>\n<p>O objetivo do projeto \u00e9 equiparar a situa\u00e7\u00e3o \u00e0 das pessoas idosas, mencionadas no art. 20 da Loas, \u00e0s quais n\u00e3o \u00e9 negado o direito ao benef\u00edcio de presta\u00e7\u00e3o continuada. Para a senadora, o BPC \u00e9 direito de car\u00e1ter pessoal e tem origem na Constitui\u00e7\u00e3o, \u201cn\u00e3o podendo, portanto, haver pessoas com defici\u00eancia e que sejam economicamente hipossuficientes que n\u00e3o recebam o benef\u00edcio\u201d.<\/p>\n<p>O senador Rom\u00e1rio (Podemos-RJ), relator da mat\u00e9ria na CDH, votou favoravelmente ao reconhecer que n\u00e3o h\u00e1 raz\u00e3o para que pessoas idosas e pessoas com defici\u00eancia n\u00e3o sejam tratadas da mesma forma, visto que sua prote\u00e7\u00e3o constitucional e legal \u00e9 a mesma \u2014 a Constitui\u00e7\u00e3o tem os mesmos prop\u00f3sitos para ambos os grupos sociais. A comiss\u00e3o acompanhou o voto de Rom\u00e1rio, com unanimidade.<\/p>\n<p>\u201cA atividade legislativa que procura reduzir as desigualdades sociais n\u00e3o pode, sob qualquer pretexto, eximir-se de fazer valer, para as pessoas com defici\u00eancia, os mesmos direitos de outros segmentos sociais vulner\u00e1veis\u201d, argumentou.<\/p>\n<p>Fonte: Ag\u00eancia Senado<\/p>\n","protected":false},"excerpt":{"rendered":"<p>A Comiss\u00e3o de Direitos Humanos (CDH) aprovou na quinta-feira (12) a proposta que permite que o Benef\u00edcio de Presta\u00e7\u00e3o Continuada (BPC) seja pago a mais de uma pessoa com defici\u00eancia na mesma fam\u00edlia. Agora o projeto de lei (PL 3.260\/2019) segue para vota\u00e7\u00e3o na Comiss\u00e3o de Assuntos Sociais (CAS), em car\u00e1ter terminativo. Ao escrever a [&hellip;]<\/p>\n","protected":false},"author":96,"featured_media":147642,"comment_status":"closed","ping_status":"closed","sticky":false,"template":"","format":"standard","meta":{"footnotes":""},"categories":[436,254,439],"tags":[],"class_list":["post-147641","post","type-post","status-publish","format-standard","has-post-thumbnail","hentry","category-destaque-da-semana","category-politica","category-ultima-hora"],"_links":{"self":[{"href":"https:\/\/diarioregionaldigital.com.br\/index.php?rest_route=\/wp\/v2\/posts\/147641","targetHints":{"allow":["GET"]}}],"collection":[{"href":"https:\/\/diarioregionaldigital.com.br\/index.php?rest_route=\/wp\/v2\/posts"}],"about":[{"href":"https:\/\/diarioregionaldigital.com.br\/index.php?rest_route=\/wp\/v2\/types\/post"}],"author":[{"embeddable":true,"href":"https:\/\/diarioregionaldigital.com.br\/index.php?rest_route=\/wp\/v2\/users\/96"}],"replies":[{"embeddable":true,"href":"https:\/\/diarioregionaldigital.com.br\/index.php?rest_route=%2Fwp%2Fv2%2Fcomments&post=147641"}],"version-history":[{"count":0,"href":"https:\/\/diarioregionaldigital.com.br\/index.php?rest_route=\/wp\/v2\/posts\/147641\/revisions"}],"wp:featuredmedia":[{"embeddable":true,"href":"https:\/\/diarioregionaldigital.com.br\/index.php?rest_route=\/wp\/v2\/media\/147642"}],"wp:attachment":[{"href":"https:\/\/diarioregionaldigital.com.br\/index.php?rest_route=%2Fwp%2Fv2%2Fmedia&parent=147641"}],"wp:term":[{"taxonomy":"category","embeddable":true,"href":"https:\/\/diarioregionaldigital.com.br\/index.php?rest_route=%2Fwp%2Fv2%2Fcategories&post=147641"},{"taxonomy":"post_tag","embeddable":true,"href":"https:\/\/diarioregionaldigital.com.br\/index.php?rest_route=%2Fwp%2Fv2%2Ftags&post=147641"}],"curies":[{"name":"wp","href":"https:\/\/api.w.org\/{rel}","templated":true}]}}