{"id":147638,"date":"2019-09-15T06:00:56","date_gmt":"2019-09-15T09:00:56","guid":{"rendered":"https:\/\/diarioregionaldigital.com.br\/?p=147638"},"modified":"2019-09-12T15:37:29","modified_gmt":"2019-09-12T18:37:29","slug":"guiana-deve-crescer-30-ao-ano-e-brasil-pode-se-beneficiar-afirma-diplomata","status":"publish","type":"post","link":"https:\/\/diarioregionaldigital.com.br\/?p=147638","title":{"rendered":"Guiana deve crescer 30% ao ano e Brasil pode se beneficiar, afirma diplomata"},"content":{"rendered":"<p>O Banco Mundial projeta que o produto interno bruto (PIB) da Guiana deve crescer 30% em 2020 e 24% em 2021, devido ao in\u00edcio da explora\u00e7\u00e3o de grandes reservas de petr\u00f3leo encontradas na costa do pa\u00eds. O dado foi apresentado pela diplomata Maria Clara Carisio durante sabatina na Comiss\u00e3o de Rela\u00e7\u00f5es Exteriores (CRE) na quinta-feira (12), quando teve seu nome aprovado para chefiar a embaixada brasileira naquele pa\u00eds, que tem mais de mil quil\u00f4metros de fronteira com Roraima.<\/p>\n<p>\u2014 No ano que vem a produ\u00e7\u00e3o vai come\u00e7ar com 100 mil barris por dia, a partir de contratos fechados com a Exxon-Mobil [empresa de petr\u00f3leo com base nos Estados Unidos]. Mas a infraestrutura que vem sendo feita j\u00e1 projeta nos anos seguintes uma produ\u00e7\u00e3o di\u00e1ria de 500 mil barris, que poder\u00e3o atingir 750 mil numa produ\u00e7\u00e3o m\u00e1xima \u2014detalhou.<\/p>\n<p>A Exxon-Mobil j\u00e1 confirmou, numa primeira prospec\u00e7\u00e3o, reservas de 5,5 bilh\u00f5es de barris de petr\u00f3leo &#8220;de primeira qualidade&#8221; num dos blocos que vai explorar, informou Carisio. Ela ainda disse que recentemente o presidente da Guiana, David Granger, recebeu pessoalmente uma delega\u00e7\u00e3o da Petrobras, pois tem interesse em reduzir a depend\u00eancia de seu pa\u00eds das empresas norte-americanas. Granger ainda percebe o Brasil como um importante aliado geopol\u00edtico, pois a Guiana h\u00e1 d\u00e9cadas tem diverg\u00eancias com a Venezuela relativas \u00e0 soberania sobre o Esequibo (territ\u00f3rio reivindicado pelos dois pa\u00edses). Car\u00edsio definiu o pleito da Venezuela nesse caso como &#8220;infundamentado&#8221;.<\/p>\n<p>\u2014 A Guiana vai se tornar a Dubai da Am\u00e9rica do Sul, e nosso desafio \u00e9 nos integrarmos ao processo e proporcionar novas oportunidades aos estados do Norte e da Amaz\u00f4nia brasileira. Uma era de bonan\u00e7a se inicia, e temos que identificar rapidamente as oportunidades. Somos vizinhos e o Brasil tem muito mais possibilidades de incrementar investimentos em infraestrutura e no com\u00e9rcio de bens e servi\u00e7os para a popula\u00e7\u00e3o guianesa, do que as outras na\u00e7\u00f5es caribenhas com as quais eles t\u00eam mais interc\u00e2mbio hoje. O boom do petr\u00f3leo tamb\u00e9m vai provocar um afluxo de pessoal para atuar na ind\u00fastria, e o governo deles conta com o aumento dos investimentos brasileiros &#8211; afirmou.<\/p>\n<p><strong>Empecilhos<\/strong><\/p>\n<p>Um empecilho que pode atrapalhar o Brasil no incremento das rela\u00e7\u00f5es comerciais com a Guiana \u00e9 a sua crise fiscal. Por isso, Car\u00edsio pediu aos parlamentares de Roraima e de outros estados amaz\u00f4nicos que estejam atentos, na vota\u00e7\u00e3o do Or\u00e7amento de 2020, aos benef\u00edcios que podem advir de dota\u00e7\u00f5es para parcerias com a na\u00e7\u00e3o vizinha.<\/p>\n<p>O senador Chico Rodrigues (DEM-RR), relator da indica\u00e7\u00e3o da diplomata, concordou com ela, pois avalia que a rivalidade entre Venezuela e Guiana coloca o Brasil em situa\u00e7\u00e3o privilegiada para oferecer uma ampla gama de servi\u00e7os e tamb\u00e9m de produtos, demandados a partir do aumento da riqueza na Guiana. Ele pediu que seja dada prioridade \u00e0 finaliza\u00e7\u00e3o da estrada que ligar\u00e1 Boa Vista \u00e0 Georgetown (a capital guianesa), que diminuir\u00e1 em 3 mil km a dist\u00e2ncia do escoamento da produ\u00e7\u00e3o do norte do Brasil. Carisio confirmou que finalizar essa estrada \u00e9 uma das prioridades da embaixada.<\/p>\n<p>Fonte: Ag\u00eancia Senado<\/p>\n","protected":false},"excerpt":{"rendered":"<p>O Banco Mundial projeta que o produto interno bruto (PIB) da Guiana deve crescer 30% em 2020 e 24% em 2021, devido ao in\u00edcio da explora\u00e7\u00e3o de grandes reservas de petr\u00f3leo encontradas na costa do pa\u00eds. O dado foi apresentado pela diplomata Maria Clara Carisio durante sabatina na Comiss\u00e3o de Rela\u00e7\u00f5es Exteriores (CRE) na quinta-feira [&hellip;]<\/p>\n","protected":false},"author":96,"featured_media":147639,"comment_status":"closed","ping_status":"closed","sticky":false,"template":"","format":"standard","meta":{"footnotes":""},"categories":[436,254,439],"tags":[],"class_list":["post-147638","post","type-post","status-publish","format-standard","has-post-thumbnail","hentry","category-destaque-da-semana","category-politica","category-ultima-hora"],"_links":{"self":[{"href":"https:\/\/diarioregionaldigital.com.br\/index.php?rest_route=\/wp\/v2\/posts\/147638","targetHints":{"allow":["GET"]}}],"collection":[{"href":"https:\/\/diarioregionaldigital.com.br\/index.php?rest_route=\/wp\/v2\/posts"}],"about":[{"href":"https:\/\/diarioregionaldigital.com.br\/index.php?rest_route=\/wp\/v2\/types\/post"}],"author":[{"embeddable":true,"href":"https:\/\/diarioregionaldigital.com.br\/index.php?rest_route=\/wp\/v2\/users\/96"}],"replies":[{"embeddable":true,"href":"https:\/\/diarioregionaldigital.com.br\/index.php?rest_route=%2Fwp%2Fv2%2Fcomments&post=147638"}],"version-history":[{"count":0,"href":"https:\/\/diarioregionaldigital.com.br\/index.php?rest_route=\/wp\/v2\/posts\/147638\/revisions"}],"wp:featuredmedia":[{"embeddable":true,"href":"https:\/\/diarioregionaldigital.com.br\/index.php?rest_route=\/wp\/v2\/media\/147639"}],"wp:attachment":[{"href":"https:\/\/diarioregionaldigital.com.br\/index.php?rest_route=%2Fwp%2Fv2%2Fmedia&parent=147638"}],"wp:term":[{"taxonomy":"category","embeddable":true,"href":"https:\/\/diarioregionaldigital.com.br\/index.php?rest_route=%2Fwp%2Fv2%2Fcategories&post=147638"},{"taxonomy":"post_tag","embeddable":true,"href":"https:\/\/diarioregionaldigital.com.br\/index.php?rest_route=%2Fwp%2Fv2%2Ftags&post=147638"}],"curies":[{"name":"wp","href":"https:\/\/api.w.org\/{rel}","templated":true}]}}