{"id":147472,"date":"2019-09-10T15:28:56","date_gmt":"2019-09-10T18:28:56","guid":{"rendered":"https:\/\/diarioregionaldigital.com.br\/?p=147472"},"modified":"2019-09-10T15:28:56","modified_gmt":"2019-09-10T18:28:56","slug":"governo-aumenta-previsao-de-crescimento-da-economia-para-085","status":"publish","type":"post","link":"https:\/\/diarioregionaldigital.com.br\/?p=147472","title":{"rendered":"Governo aumenta previs\u00e3o de crescimento da economia para 0,85%"},"content":{"rendered":"<p>O governo aumentou ligeiramente a\u00a0previs\u00e3o\u00a0para o crescimento da economia brasileira de 0,81% para 0,85%, neste ano. A estimativa de crescimento do Produto Interno Bruto (PIB), soma de todos os bens e servi\u00e7os produzidos no pa\u00eds, foi divulgada hoje (10), no boletim\u00a0<em>Macro Fiscal<\/em>.<\/p>\n<p>\u201cProjeta-se a recupera\u00e7\u00e3o da atividade a partir de setembro deste ano, como resposta dos efeitos iniciais do corte de juros, da eleva\u00e7\u00e3o da confian\u00e7a e in\u00edcio das libera\u00e7\u00f5es de recursos do saque imediato do Fundo de Garantia do Tempo de Servi\u00e7o&#8221;, diz o relat\u00f3rio.<\/p>\n<h2>Infla\u00e7\u00e3o<\/h2>\n<p>A estimativa para a infla\u00e7\u00e3o, calculada pelo \u00cdndice Nacional de Pre\u00e7os ao Consumidor Amplo (IPCA), passou de 3,8% para 3,6%, em 2019.<\/p>\n<p>Segundo o boletim, a revis\u00e3o para baixo na estimativa foi causada pela \u201cdescompress\u00e3o\u201d dos pre\u00e7o de alimentos. \u201cAp\u00f3s choque de alta desses pre\u00e7os no primeiro trimestre, houve revers\u00e3o parcial no segundo trimestre, com tend\u00eancia mantida para os meses de julho e agosto\u201d. O boletim tamb\u00e9m destacou os reajustes de combust\u00edveis e energia el\u00e9trica e a \u201crelativa estabilidade da infla\u00e7\u00e3o de servi\u00e7os\u201d.<\/p>\n<p>A previs\u00e3o para 2019 est\u00e1 abaixo do centro da meta de infla\u00e7\u00e3o, definida pelo Conselho Monet\u00e1rio Nacional, que \u00e9 4,25% em 2019, com intervalo de toler\u00e2ncia de 1,5 ponto percentual para cima ou para baixo.<\/p>\n<h2>Desafios para a economia<\/h2>\n<p>O secret\u00e1rio de Pol\u00edtica Econ\u00f4mica do Minist\u00e9rio da Economia, Adolfo Sachsida, afirmou que h\u00e1 3 desafios a serem superados para a retomada do crescimento econ\u00f4mico de longo prazo: um importante, um urgente e um de conjuntura. Ele classificou como importante a recupera\u00e7\u00e3o da produtividade da economia brasileira, que entre 2010 e 2017 recuou a uma taxa de 2,11%. \u201cSe n\u00f3s n\u00e3o recuperamos a produtividade da economia brasileira n\u00e3o haver\u00e1 crescimento sustent\u00e1vel de longo prazo\u201d, disse. Sachsida afirmou que foram \u201canos de pol\u00edticas econ\u00f4micas equivocadas que acabaram com o crescimento da produtividade no Brasil\u201d.<\/p>\n<p>Sachsida classificou como desafio urgente o cen\u00e1rio fiscal. \u201c\u00c9 fundamental endere\u00e7armos a quest\u00e3o fiscal no Brasil. A nova Previd\u00eancia foi um passo fundamental, mas uma ampla agenda ainda \u00e9 necess\u00e1ria para resolver esse desafio\u201d, disse. E por fim, o terceiro desafio \u00e9 a conjunta internacional, com \u201cdesacelera\u00e7\u00e3o generalizada\u201d na economia mundial.<\/p>\n<h2>Libera\u00e7\u00e3o do FGTS<\/h2>\n<p>No boletim, a Secretaria de Pol\u00edtica Econ\u00f4mica analisou o impacto da libera\u00e7\u00e3o de saques do\u00a0FGTS. Por meio a Medida Provis\u00f3ria 889 de 2019 o governo liberou, a retirada de at\u00e9 R$ 500 por conta ativa ou inativa do FGTS, chamado de saque imediato, e a partir de abril do pr\u00f3ximo ano, foi criada a modalidade do saque anivers\u00e1rio. Segundo a Caixa, o saque Anivers\u00e1rio \u00e9 uma alternativa \u00e0 sistem\u00e1tica de saque por rescis\u00e3o do contrato de trabalho, que permitir\u00e1 a retirada de parte do saldo da conta do FGTS anualmente, no m\u00eas de anivers\u00e1rio.<\/p>\n<p>Para a secretaria, as medidas de curto prazo da libera\u00e7\u00e3o do saque s\u00e3o aumento do consumo e redu\u00e7\u00e3o do endividamento das fam\u00edlias. \u201c\u00c0 medida que as fam\u00edlias podem quitar suas d\u00edvidas, as condi\u00e7\u00f5es de cr\u00e9dito melhoram, sendo esse um fator relevante para o novo ciclo da retomada do crescimento\u201d, diz o boletim.<\/p>\n<p>O saque anivers\u00e1rio gera efeitos de longo prazo: redu\u00e7\u00e3o da rotatividade no mercado de trabalho, redu\u00e7\u00e3o da informalidade, desonera\u00e7\u00e3o do trabalho e expans\u00e3o do cr\u00e9dito. \u00c0 medida que o trabalhador permanece no emprego, o valor do saque converge para um valor pr\u00f3ximo a um sal\u00e1rio anual adicional. \u201cAssim, o retorno marginal de perman\u00eancia no emprego aumenta ao passar do tempo, ao inv\u00e9s de reduzir, como ocorre na sistem\u00e1tica de saque por demiss\u00e3o. O resultado \u00e9 uma redu\u00e7\u00e3o da rotatividade no mercado de trabalho. Esta implica em aumento dos investimentos em treinamento, al\u00e9m de ganhos com a experi\u00eancia, que elevam a produtividade do trabalho\u201d.<\/p>\n<p>Fonte: Ag\u00eancia Brasil<\/p>\n","protected":false},"excerpt":{"rendered":"<p>O governo aumentou ligeiramente a\u00a0previs\u00e3o\u00a0para o crescimento da economia brasileira de 0,81% para 0,85%, neste ano. A estimativa de crescimento do Produto Interno Bruto (PIB), soma de todos os bens e servi\u00e7os produzidos no pa\u00eds, foi divulgada hoje (10), no boletim\u00a0Macro Fiscal. \u201cProjeta-se a recupera\u00e7\u00e3o da atividade a partir de setembro deste ano, como resposta [&hellip;]<\/p>\n","protected":false},"author":96,"featured_media":146175,"comment_status":"closed","ping_status":"closed","sticky":false,"template":"","format":"standard","meta":{"footnotes":""},"categories":[436,261,439],"tags":[],"class_list":["post-147472","post","type-post","status-publish","format-standard","has-post-thumbnail","hentry","category-destaque-da-semana","category-economia","category-ultima-hora"],"_links":{"self":[{"href":"https:\/\/diarioregionaldigital.com.br\/index.php?rest_route=\/wp\/v2\/posts\/147472","targetHints":{"allow":["GET"]}}],"collection":[{"href":"https:\/\/diarioregionaldigital.com.br\/index.php?rest_route=\/wp\/v2\/posts"}],"about":[{"href":"https:\/\/diarioregionaldigital.com.br\/index.php?rest_route=\/wp\/v2\/types\/post"}],"author":[{"embeddable":true,"href":"https:\/\/diarioregionaldigital.com.br\/index.php?rest_route=\/wp\/v2\/users\/96"}],"replies":[{"embeddable":true,"href":"https:\/\/diarioregionaldigital.com.br\/index.php?rest_route=%2Fwp%2Fv2%2Fcomments&post=147472"}],"version-history":[{"count":0,"href":"https:\/\/diarioregionaldigital.com.br\/index.php?rest_route=\/wp\/v2\/posts\/147472\/revisions"}],"wp:featuredmedia":[{"embeddable":true,"href":"https:\/\/diarioregionaldigital.com.br\/index.php?rest_route=\/wp\/v2\/media\/146175"}],"wp:attachment":[{"href":"https:\/\/diarioregionaldigital.com.br\/index.php?rest_route=%2Fwp%2Fv2%2Fmedia&parent=147472"}],"wp:term":[{"taxonomy":"category","embeddable":true,"href":"https:\/\/diarioregionaldigital.com.br\/index.php?rest_route=%2Fwp%2Fv2%2Fcategories&post=147472"},{"taxonomy":"post_tag","embeddable":true,"href":"https:\/\/diarioregionaldigital.com.br\/index.php?rest_route=%2Fwp%2Fv2%2Ftags&post=147472"}],"curies":[{"name":"wp","href":"https:\/\/api.w.org\/{rel}","templated":true}]}}