{"id":147466,"date":"2019-09-10T15:19:32","date_gmt":"2019-09-10T18:19:32","guid":{"rendered":"https:\/\/diarioregionaldigital.com.br\/?p=147466"},"modified":"2019-09-10T15:19:32","modified_gmt":"2019-09-10T18:19:32","slug":"mourao-governo-deve-negociar-com-o-congresso-com-clareza-e-paciencia","status":"publish","type":"post","link":"https:\/\/diarioregionaldigital.com.br\/?p=147466","title":{"rendered":"Mour\u00e3o: governo deve negociar com o Congresso com clareza e paci\u00eancia"},"content":{"rendered":"<p>O presidente em exerc\u00edcio, Hamilton Mour\u00e3o, disse hoje (10) que o governo deve negociar com o Congresso, \u201ccom clareza, determina\u00e7\u00e3o e muita paci\u00eancia\u201d, a aprova\u00e7\u00e3o de medidas de interesse. \u201cTemos que negociar com a rapaziada do outro lado ali da Pra\u00e7a [dos Tr\u00eas Poderes, o Congresso Nacional], com clareza, determina\u00e7\u00e3o e muita paci\u00eancia\u201d, disse ao deixar o gabinete da vice-presid\u00eancia, no Pal\u00e1cio do Planalto, em Bras\u00edlia.<\/p>\n<p>Para ele, as mudan\u00e7as que o governo quer para o pa\u00eds, podem ser feitas no sistema democr\u00e1tico. \u201cSe n\u00e3o a gente n\u00e3o tinha sido eleito\u201d, argumentou. \u201cA democracia \u00e9 fundamental, s\u00e3o pilares da civiliza\u00e7\u00e3o ocidental. Vou repetir: pacto de gera\u00e7\u00f5es, democracia, capitalismo e sociedade civil forte, sem isso a civiliza\u00e7\u00e3o ocidental n\u00e3o existe\u201d.<\/p>\n<p>Mour\u00e3o esteve reunido na manh\u00e3 desta ter\u00e7a-feira com os ministros da Justi\u00e7a e Seguran\u00e7a P\u00fablica, Sergio Moro, e da Secretaria de Governo, Luiz Eduardo Ramos. A pauta do encontro foi a Medida Provis\u00f3ria (MP) 885, de 2019, que facilita a venda de\u00a0bens apreendidos\u00a0em a\u00e7\u00f5es de combate ao tr\u00e1fico de droga e reverte os recursos para o Fundo Nacional Antidrogas.<\/p>\n<p>A MP est\u00e1 em tramita\u00e7\u00e3o no Congresso e, segundo Ramos, deve entrar na pauta de vota\u00e7\u00e3o da C\u00e2mara dos Deputados ainda esta semana. \u201cFoi uma reuni\u00e3o muito produtiva. A preocupa\u00e7\u00e3o do ministro Sergio Moro \u00e9 que se consiga aprovar esse projeto\u201d, disse Ramos.<\/p>\n<p>Fonte: Ag\u00eancia Brasil<\/p>\n","protected":false},"excerpt":{"rendered":"<p>O presidente em exerc\u00edcio, Hamilton Mour\u00e3o, disse hoje (10) que o governo deve negociar com o Congresso, \u201ccom clareza, determina\u00e7\u00e3o e muita paci\u00eancia\u201d, a aprova\u00e7\u00e3o de medidas de interesse. \u201cTemos que negociar com a rapaziada do outro lado ali da Pra\u00e7a [dos Tr\u00eas Poderes, o Congresso Nacional], com clareza, determina\u00e7\u00e3o e muita paci\u00eancia\u201d, disse ao [&hellip;]<\/p>\n","protected":false},"author":96,"featured_media":147467,"comment_status":"closed","ping_status":"closed","sticky":false,"template":"","format":"standard","meta":{"footnotes":""},"categories":[436,254,439],"tags":[],"class_list":["post-147466","post","type-post","status-publish","format-standard","has-post-thumbnail","hentry","category-destaque-da-semana","category-politica","category-ultima-hora"],"_links":{"self":[{"href":"https:\/\/diarioregionaldigital.com.br\/index.php?rest_route=\/wp\/v2\/posts\/147466","targetHints":{"allow":["GET"]}}],"collection":[{"href":"https:\/\/diarioregionaldigital.com.br\/index.php?rest_route=\/wp\/v2\/posts"}],"about":[{"href":"https:\/\/diarioregionaldigital.com.br\/index.php?rest_route=\/wp\/v2\/types\/post"}],"author":[{"embeddable":true,"href":"https:\/\/diarioregionaldigital.com.br\/index.php?rest_route=\/wp\/v2\/users\/96"}],"replies":[{"embeddable":true,"href":"https:\/\/diarioregionaldigital.com.br\/index.php?rest_route=%2Fwp%2Fv2%2Fcomments&post=147466"}],"version-history":[{"count":0,"href":"https:\/\/diarioregionaldigital.com.br\/index.php?rest_route=\/wp\/v2\/posts\/147466\/revisions"}],"wp:featuredmedia":[{"embeddable":true,"href":"https:\/\/diarioregionaldigital.com.br\/index.php?rest_route=\/wp\/v2\/media\/147467"}],"wp:attachment":[{"href":"https:\/\/diarioregionaldigital.com.br\/index.php?rest_route=%2Fwp%2Fv2%2Fmedia&parent=147466"}],"wp:term":[{"taxonomy":"category","embeddable":true,"href":"https:\/\/diarioregionaldigital.com.br\/index.php?rest_route=%2Fwp%2Fv2%2Fcategories&post=147466"},{"taxonomy":"post_tag","embeddable":true,"href":"https:\/\/diarioregionaldigital.com.br\/index.php?rest_route=%2Fwp%2Fv2%2Ftags&post=147466"}],"curies":[{"name":"wp","href":"https:\/\/api.w.org\/{rel}","templated":true}]}}