{"id":147463,"date":"2019-09-10T15:10:10","date_gmt":"2019-09-10T18:10:10","guid":{"rendered":"https:\/\/diarioregionaldigital.com.br\/?p=147463"},"modified":"2019-09-10T15:10:10","modified_gmt":"2019-09-10T18:10:10","slug":"presidente-do-senado-desiste-de-votar-previdencia-esta-semana","status":"publish","type":"post","link":"https:\/\/diarioregionaldigital.com.br\/?p=147463","title":{"rendered":"Presidente do Senado desiste de votar Previd\u00eancia esta semana"},"content":{"rendered":"<p>O presidente do Senado, Davi Alcolumbre, desistiu de tentar votar esta semana a proposta de emenda \u00e0 Constitui\u00e7\u00e3o (PEC) que trata da reforma da Previd\u00eancia. Ao sair do Pal\u00e1cio do Planalto, onde visitou o presidente da Rep\u00fablica em exerc\u00edcio, Hamilton Mour\u00e3o, Alcolumbre afirmou que a vota\u00e7\u00e3o em primeiro turno da reforma dever\u00e1 ficar para a pr\u00f3xima semana.<\/p>\n<p>\u201cComo n\u00e3o h\u00e1 consenso em rela\u00e7\u00e3o a gente tentar antecipar esse calend\u00e1rio, eu vou seguir o que est\u00e1 comprometido que \u00e9 o acordo com os senadores, [de votar] na outra semana, para cumprir as cinco sess\u00f5es\u201d, disse ap\u00f3s o que chamou de \u201cvisita de cortesia\u201d a Mour\u00e3o.<\/p>\n<p>Na semana passada, ap\u00f3s a aprova\u00e7\u00e3o do relat\u00f3rio da PEC na Comiss\u00e3o de Constitui\u00e7\u00e3o e Justi\u00e7a (CCJ) do Senado, o presidente da Casa manifestou a vontade de firmar um acordo entre os l\u00edderes para votar o texto em primeiro turno sem o cumprimento do prazo m\u00ednimo de cinco sess\u00f5es de discuss\u00e3o. Mas a\u00a0oposi\u00e7\u00e3o\u00a0n\u00e3o se mostrou disposta a fechar acordo para acelerar a vota\u00e7\u00e3o da reforma da Previd\u00eancia.<\/p>\n<p>\u201cA sinaliza\u00e7\u00e3o que h\u00e1 \u00e9 que alguns l\u00edderes est\u00e3o insistindo que a gente cumpra um calend\u00e1rio. Eu fiz acordo com os l\u00edderes para um calend\u00e1rio de debates. Amanh\u00e3 \u00e9 a sess\u00e3o tem\u00e1tica no plen\u00e1rio do Senado. H\u00e1 esse sentimento de a gente cumprir esse calend\u00e1rio\u201d, acrescentou Alcolumbre. Ainda assim, a vota\u00e7\u00e3o na pr\u00f3xima semana n\u00e3o est\u00e1 confirmada. Ele tentar\u00e1 um acordo na reuni\u00e3o de l\u00edderes amanh\u00e3 (10) para confirmar o dia da vota\u00e7\u00e3o. Inicialmente, o calend\u00e1rio previa a vota\u00e7\u00e3o em primeiro turno apenas no dia\u00a024 de setembro.<\/p>\n<p>Para amanh\u00e3, est\u00e1 marcada uma sess\u00e3o tem\u00e1tica para discutir a Previd\u00eancia, no plen\u00e1rio do Senado. Est\u00e1 prevista a participa\u00e7\u00e3o secret\u00e1rio especial de Previd\u00eancia, Rog\u00e9rio Marinho, do ex-ministro da Previd\u00eancia Social\u00a0Ricardo Berzoini e do economista Paulo Tafner. Mesmo sem\u00a0ter\u00a0certeza da data de vota\u00e7\u00e3o em primeiro turno, Alcolumbre est\u00e1 confiante em votar a mat\u00e9ria em segundo turno no dia\u00a010 de outubro.<\/p>\n<p>Fonte: Ag\u00eancia Senado<\/p>\n","protected":false},"excerpt":{"rendered":"<p>O presidente do Senado, Davi Alcolumbre, desistiu de tentar votar esta semana a proposta de emenda \u00e0 Constitui\u00e7\u00e3o (PEC) que trata da reforma da Previd\u00eancia. Ao sair do Pal\u00e1cio do Planalto, onde visitou o presidente da Rep\u00fablica em exerc\u00edcio, Hamilton Mour\u00e3o, Alcolumbre afirmou que a vota\u00e7\u00e3o em primeiro turno da reforma dever\u00e1 ficar para a [&hellip;]<\/p>\n","protected":false},"author":96,"featured_media":147464,"comment_status":"closed","ping_status":"closed","sticky":false,"template":"","format":"standard","meta":{"footnotes":""},"categories":[436,254,439],"tags":[],"class_list":["post-147463","post","type-post","status-publish","format-standard","has-post-thumbnail","hentry","category-destaque-da-semana","category-politica","category-ultima-hora"],"_links":{"self":[{"href":"https:\/\/diarioregionaldigital.com.br\/index.php?rest_route=\/wp\/v2\/posts\/147463","targetHints":{"allow":["GET"]}}],"collection":[{"href":"https:\/\/diarioregionaldigital.com.br\/index.php?rest_route=\/wp\/v2\/posts"}],"about":[{"href":"https:\/\/diarioregionaldigital.com.br\/index.php?rest_route=\/wp\/v2\/types\/post"}],"author":[{"embeddable":true,"href":"https:\/\/diarioregionaldigital.com.br\/index.php?rest_route=\/wp\/v2\/users\/96"}],"replies":[{"embeddable":true,"href":"https:\/\/diarioregionaldigital.com.br\/index.php?rest_route=%2Fwp%2Fv2%2Fcomments&post=147463"}],"version-history":[{"count":0,"href":"https:\/\/diarioregionaldigital.com.br\/index.php?rest_route=\/wp\/v2\/posts\/147463\/revisions"}],"wp:featuredmedia":[{"embeddable":true,"href":"https:\/\/diarioregionaldigital.com.br\/index.php?rest_route=\/wp\/v2\/media\/147464"}],"wp:attachment":[{"href":"https:\/\/diarioregionaldigital.com.br\/index.php?rest_route=%2Fwp%2Fv2%2Fmedia&parent=147463"}],"wp:term":[{"taxonomy":"category","embeddable":true,"href":"https:\/\/diarioregionaldigital.com.br\/index.php?rest_route=%2Fwp%2Fv2%2Fcategories&post=147463"},{"taxonomy":"post_tag","embeddable":true,"href":"https:\/\/diarioregionaldigital.com.br\/index.php?rest_route=%2Fwp%2Fv2%2Ftags&post=147463"}],"curies":[{"name":"wp","href":"https:\/\/api.w.org\/{rel}","templated":true}]}}