{"id":147460,"date":"2019-09-10T15:05:41","date_gmt":"2019-09-10T18:05:41","guid":{"rendered":"https:\/\/diarioregionaldigital.com.br\/?p=147460"},"modified":"2019-09-10T15:05:41","modified_gmt":"2019-09-10T18:05:41","slug":"bolsonaro-apresenta-melhora-mas-nao-tem-previsao-de-alta","status":"publish","type":"post","link":"https:\/\/diarioregionaldigital.com.br\/?p=147460","title":{"rendered":"Bolsonaro apresenta melhora, mas n\u00e3o tem previs\u00e3o de alta"},"content":{"rendered":"<p>O presidente Jair Bolsonaro apresenta \u201ccont\u00ednua melhora de seu estado de sa\u00fade\u201d, mas n\u00e3o h\u00e1 previs\u00e3o de alta, segundo boletim m\u00e9dico divulgado\u00a0hoje\u00a0(10) pelo Hospital Vila Nova Star. Bolsonaro deu entrada no hospital, localizado na zona sul da capital paulista, na noite do \u00faltimo\u00a0s\u00e1bado\u00a0(7) para ser\u00a0submetido a uma cirurgia para tratamento de h\u00e9rnia incisional\u00a0na regi\u00e3o do abdome. Essa \u00e9 a\u00a0quarta\u00a0cirurgia a qual Bolsonaro \u00e9 submetido desde que foi esfaqueado em um ato de campanha eleitoral em setembro de 2018.<\/p>\n<p>De acordo com o boletim, na manh\u00e3 de\u00a0hoje, Bolsonaro tomou banho de chuveiro e estava prevista uma caminhada pelos corredores do hospital. Ele dormiu bem, acordou disposto e n\u00e3o tem sinais de febre 48 horas ap\u00f3s a cirurgia. Bolsonaro segue se alimentando com uma dieta l\u00edquida, com \u00e1gua, ch\u00e1, gelatina e caldo ralo. Est\u00e3o sendo administradas medidas de preven\u00e7\u00e3o \u00e0 trombose venosa, com uso de meia el\u00e1stica e medicamentos anticoagulantes.<\/p>\n<h2>Per\u00edodo de licen\u00e7a<\/h2>\n<p>O porta-voz da Presid\u00eancia, Ot\u00e1vio R\u00eago Barros, disse que est\u00e1 mantida a previs\u00e3o para que Bolsonaro reassuma o cargo depois do fim do prazo de cinco dias licenciado. O vice-presidente Hamilton Mour\u00e3o exerce interinamente a Presid\u00eancia desde o \u00faltimo\u00a0domingo\u00a0e deve continuar na fun\u00e7\u00e3o at\u00e9\u00a0quinta-feira (12). \u201cO presidente a partir de\u00a0quinta-feira estar\u00e1 novamente exercendo, se n\u00e3o na plenitude, a chefia do Poder Executivo em condi\u00e7\u00f5es de liderar o pa\u00eds, mesmo daqui do hospital\u201d, enfatizou o porta-voz.<\/p>\n<p>Bolsonaro est\u00e1 acompanhado da esposa, Michele, e do\u00a0filho\u00a0Carlos, que \u00e9 vereador na cidade do Rio\u00a0de Janeiro\u00a0pelo PSC. Uma ala do hospital\u00a0foi disponibilizada para a equipe da Presid\u00eancia e para a fam\u00edlia de Bolsonaro.<\/p>\n<p>N\u00e3o est\u00e3o previstas visitas para o presidente\u00a0hoje, seguindo a recomenda\u00e7\u00e3o das restri\u00e7\u00f5es a esses encontros.<\/p>\n<p>Fonte: Ag\u00eancia Brasil<\/p>\n","protected":false},"excerpt":{"rendered":"<p>O presidente Jair Bolsonaro apresenta \u201ccont\u00ednua melhora de seu estado de sa\u00fade\u201d, mas n\u00e3o h\u00e1 previs\u00e3o de alta, segundo boletim m\u00e9dico divulgado\u00a0hoje\u00a0(10) pelo Hospital Vila Nova Star. Bolsonaro deu entrada no hospital, localizado na zona sul da capital paulista, na noite do \u00faltimo\u00a0s\u00e1bado\u00a0(7) para ser\u00a0submetido a uma cirurgia para tratamento de h\u00e9rnia incisional\u00a0na regi\u00e3o do [&hellip;]<\/p>\n","protected":false},"author":96,"featured_media":147269,"comment_status":"closed","ping_status":"closed","sticky":false,"template":"","format":"standard","meta":{"footnotes":""},"categories":[436,254,439],"tags":[],"class_list":["post-147460","post","type-post","status-publish","format-standard","has-post-thumbnail","hentry","category-destaque-da-semana","category-politica","category-ultima-hora"],"_links":{"self":[{"href":"https:\/\/diarioregionaldigital.com.br\/index.php?rest_route=\/wp\/v2\/posts\/147460","targetHints":{"allow":["GET"]}}],"collection":[{"href":"https:\/\/diarioregionaldigital.com.br\/index.php?rest_route=\/wp\/v2\/posts"}],"about":[{"href":"https:\/\/diarioregionaldigital.com.br\/index.php?rest_route=\/wp\/v2\/types\/post"}],"author":[{"embeddable":true,"href":"https:\/\/diarioregionaldigital.com.br\/index.php?rest_route=\/wp\/v2\/users\/96"}],"replies":[{"embeddable":true,"href":"https:\/\/diarioregionaldigital.com.br\/index.php?rest_route=%2Fwp%2Fv2%2Fcomments&post=147460"}],"version-history":[{"count":0,"href":"https:\/\/diarioregionaldigital.com.br\/index.php?rest_route=\/wp\/v2\/posts\/147460\/revisions"}],"wp:featuredmedia":[{"embeddable":true,"href":"https:\/\/diarioregionaldigital.com.br\/index.php?rest_route=\/wp\/v2\/media\/147269"}],"wp:attachment":[{"href":"https:\/\/diarioregionaldigital.com.br\/index.php?rest_route=%2Fwp%2Fv2%2Fmedia&parent=147460"}],"wp:term":[{"taxonomy":"category","embeddable":true,"href":"https:\/\/diarioregionaldigital.com.br\/index.php?rest_route=%2Fwp%2Fv2%2Fcategories&post=147460"},{"taxonomy":"post_tag","embeddable":true,"href":"https:\/\/diarioregionaldigital.com.br\/index.php?rest_route=%2Fwp%2Fv2%2Ftags&post=147460"}],"curies":[{"name":"wp","href":"https:\/\/api.w.org\/{rel}","templated":true}]}}