{"id":147450,"date":"2019-09-10T06:00:32","date_gmt":"2019-09-10T09:00:32","guid":{"rendered":"https:\/\/diarioregionaldigital.com.br\/?p=147450"},"modified":"2019-09-09T19:30:24","modified_gmt":"2019-09-09T22:30:24","slug":"desabafo","status":"publish","type":"post","link":"https:\/\/diarioregionaldigital.com.br\/?p=147450","title":{"rendered":"Desabafo"},"content":{"rendered":"<p style=\"text-align: center;\"><strong>Regulariza\u00e7\u00e3o Ambiental<\/strong><\/p>\n<p style=\"text-align: center;\">Em 2019, a FIEMG executar\u00e1 a terceira edi\u00e7\u00e3o do Programa de Fiscaliza\u00e7\u00e3o Ambiental Preventiva na Ind\u00fastria (FAPI), em parceria com os Sindicatos, a Semad e a Pol\u00edcia Militar de Minas Gerais.Workshops ser\u00e3o realizados com o objetivo de informar, instruir e sensibilizar os empreendedores sobre como obter a regulariza\u00e7\u00e3o ambiental, incentivando a obter a regulamenta\u00e7\u00e3o ambiental de seus empreendimentos. Na Zona da Mata, o evento acontece no dia 12 de setembro, na FIEMG Regional Zona da Mata, em Juiz de Fora, com entrada gratuita.<\/p>\n<p style=\"text-align: center;\"><strong>Moda<\/strong><\/p>\n<p style=\"text-align: center;\">O produtor Luis Sa\u00e7\u00e7o promove no dia 13, \u00e0s 20h, no anexo Bar Premium em S\u00e3o Pedro, o Minas Fashion Days II, evento de moda beneficente em prol do Instituto Bruno. Na passarela com desfile de lojas locais. Pede-se doa\u00e7\u00f5es de alimentos n\u00e3o perec\u00edveis.<\/p>\n<p style=\"text-align: center;\"><strong>Feijoada<\/strong><\/p>\n<p style=\"text-align: center;\">Com a chegada do m\u00eas da primavera, j\u00e1 est\u00e3o \u00e0 venda os ingressos da Feijoada Beneficente em prol das obras do Instituto Padre Jo\u00e3o Emilio, cuja entrada principal passa por reforma h\u00e1 alguns meses. O evento ser\u00e1 realizado no dia 29 de setembro, das 12h \u00e0s 16h, na Esta\u00e7\u00e3o S\u00e3o Pedro. Haver\u00e1 show\u2019s de Carol Tavares e Grupo Curt\u2019A\u00ea. O pre\u00e7o \u00e9 R$30 com ingressos na Loja Z\u00e9 Kodak.<\/p>\n<p style=\"text-align: center;\"><strong>Melhor Empresa<\/strong><\/p>\n<p style=\"text-align: center;\">A ArcelorMital foi eleita a melhor empresa de siderurgia do anu\u00e1rio Melhores e Maiores, da revista Exame. O pr\u00eamio foi entregue em solenidade na Sala S\u00e3o Paulo, no centro da capital paulista, ao presidente da ArcelorMital Brasil, Benjamin Baptista Filho. A empresa j\u00e1 havia conquistado o primeiro lugar do setor sider\u00fargico no ranking da Exame de 2017.<\/p>\n<p style=\"text-align: center;\"><strong>Desabafo<\/strong><\/p>\n<p style=\"text-align: center;\">Eu, Joannyria Roselei Teixeira, presidente da Guarda Mirim de Juiz de Fora no per\u00edodo de 2015\/2017 desta respeit\u00e1vel institui\u00e7\u00e3o tradicional, com 53 anos, muitas conquistas foram agregadas, criei na minha gest\u00e3o uma FANFARRA, n\u00e3o s\u00f3 como Forma\u00e7\u00e3o Educacional, mas tamb\u00e9m estimular o adolescente na m\u00fasica e integr\u00e1-los. Tal FANFARRA representava a institui\u00e7\u00e3o nos desfiles c\u00edvicos e recebia aplausos da comunidade. Nos \u00faltimos desfiles, a sua n\u00e3o participa\u00e7\u00e3o deixou-me estarrecida e indignada. A semente foi plantada tem que ser cuidada e n\u00e3o deve morrer. Que saibamos plantar o nosso melhor. Que venha e continue a FANFARRA. N\u00e3o acho honesto que todo o trabalho seja interrompido. Fica aqui o meu desagravo.<\/p>\n<div id=\"attachment_147421\" style=\"width: 690px\" class=\"wp-caption aligncenter\"><img loading=\"lazy\" decoding=\"async\" aria-describedby=\"caption-attachment-147421\" class=\"wp-image-147421\" src=\"https:\/\/diarioregionaldigital.com.br\/wp-content\/uploads\/2019\/09\/fotoa-5-e1568067257104.jpg\" alt=\"\" width=\"680\" height=\"520\" srcset=\"https:\/\/diarioregionaldigital.com.br\/wp-content\/uploads\/2019\/09\/fotoa-5-e1568067257104.jpg 1176w, https:\/\/diarioregionaldigital.com.br\/wp-content\/uploads\/2019\/09\/fotoa-5-e1568067257104-300x229.jpg 300w, https:\/\/diarioregionaldigital.com.br\/wp-content\/uploads\/2019\/09\/fotoa-5-e1568067257104-768x587.jpg 768w, https:\/\/diarioregionaldigital.com.br\/wp-content\/uploads\/2019\/09\/fotoa-5-e1568067257104-1024x783.jpg 1024w, https:\/\/diarioregionaldigital.com.br\/wp-content\/uploads\/2019\/09\/fotoa-5-e1568067257104-360x275.jpg 360w\" sizes=\"auto, (max-width: 680px) 100vw, 680px\" \/><p id=\"caption-attachment-147421\" class=\"wp-caption-text\">Abrindo a esta\u00e7\u00e3o primavera-ver\u00e3o desta coluna social, o bonito Weslley Lorenzetto, no Rio<\/p><\/div>\n<div id=\"attachment_147423\" style=\"width: 690px\" class=\"wp-caption aligncenter\"><img loading=\"lazy\" decoding=\"async\" aria-describedby=\"caption-attachment-147423\" class=\"wp-image-147423\" src=\"https:\/\/diarioregionaldigital.com.br\/wp-content\/uploads\/2019\/09\/fotob-5.jpg\" alt=\"\" width=\"680\" height=\"453\" srcset=\"https:\/\/diarioregionaldigital.com.br\/wp-content\/uploads\/2019\/09\/fotob-5.jpg 1758w, https:\/\/diarioregionaldigital.com.br\/wp-content\/uploads\/2019\/09\/fotob-5-300x200.jpg 300w, https:\/\/diarioregionaldigital.com.br\/wp-content\/uploads\/2019\/09\/fotob-5-768x511.jpg 768w, https:\/\/diarioregionaldigital.com.br\/wp-content\/uploads\/2019\/09\/fotob-5-1024x682.jpg 1024w, https:\/\/diarioregionaldigital.com.br\/wp-content\/uploads\/2019\/09\/fotob-5-360x240.jpg 360w\" sizes=\"auto, (max-width: 680px) 100vw, 680px\" \/><p id=\"caption-attachment-147423\" class=\"wp-caption-text\">No coquetel da franquia Criare\/JF, os profissionais de design e decora\u00e7\u00e3o, Gilmara Fonseca, Gustavo Caldas e Gisele Corni<\/p><\/div>\n<div id=\"attachment_147424\" style=\"width: 690px\" class=\"wp-caption aligncenter\"><img loading=\"lazy\" decoding=\"async\" aria-describedby=\"caption-attachment-147424\" class=\"wp-image-147424\" src=\"https:\/\/diarioregionaldigital.com.br\/wp-content\/uploads\/2019\/09\/fotoc-5-e1568067623410.jpg\" alt=\"\" width=\"680\" height=\"482\" srcset=\"https:\/\/diarioregionaldigital.com.br\/wp-content\/uploads\/2019\/09\/fotoc-5-e1568067623410.jpg 1266w, https:\/\/diarioregionaldigital.com.br\/wp-content\/uploads\/2019\/09\/fotoc-5-e1568067623410-300x213.jpg 300w, https:\/\/diarioregionaldigital.com.br\/wp-content\/uploads\/2019\/09\/fotoc-5-e1568067623410-768x545.jpg 768w, https:\/\/diarioregionaldigital.com.br\/wp-content\/uploads\/2019\/09\/fotoc-5-e1568067623410-1024x726.jpg 1024w, https:\/\/diarioregionaldigital.com.br\/wp-content\/uploads\/2019\/09\/fotoc-5-e1568067623410-750x530.jpg 750w, https:\/\/diarioregionaldigital.com.br\/wp-content\/uploads\/2019\/09\/fotoc-5-e1568067623410-360x255.jpg 360w, https:\/\/diarioregionaldigital.com.br\/wp-content\/uploads\/2019\/09\/fotoc-5-e1568067623410-100x70.jpg 100w\" sizes=\"auto, (max-width: 680px) 100vw, 680px\" \/><p id=\"caption-attachment-147424\" class=\"wp-caption-text\">Gente alinhad\u00e9rrima no Terrazzo Delba Duarte Netto, Luciane Ribeiro, Erika Duarte Netto Miana<\/p><\/div>\n<div id=\"attachment_147425\" style=\"width: 690px\" class=\"wp-caption aligncenter\"><img loading=\"lazy\" decoding=\"async\" aria-describedby=\"caption-attachment-147425\" class=\"wp-image-147425\" src=\"https:\/\/diarioregionaldigital.com.br\/wp-content\/uploads\/2019\/09\/fotod-5.jpg\" alt=\"\" width=\"680\" height=\"455\" srcset=\"https:\/\/diarioregionaldigital.com.br\/wp-content\/uploads\/2019\/09\/fotod-5.jpg 1758w, https:\/\/diarioregionaldigital.com.br\/wp-content\/uploads\/2019\/09\/fotod-5-300x201.jpg 300w, https:\/\/diarioregionaldigital.com.br\/wp-content\/uploads\/2019\/09\/fotod-5-768x514.jpg 768w, https:\/\/diarioregionaldigital.com.br\/wp-content\/uploads\/2019\/09\/fotod-5-1024x685.jpg 1024w, https:\/\/diarioregionaldigital.com.br\/wp-content\/uploads\/2019\/09\/fotod-5-360x241.jpg 360w\" sizes=\"auto, (max-width: 680px) 100vw, 680px\" \/><p id=\"caption-attachment-147425\" class=\"wp-caption-text\">Em Ewbank da C\u00e2mara, a dupla sensa\u00e7\u00e3o Pablo &amp; Ricardo<\/p><\/div>\n<div id=\"attachment_147426\" style=\"width: 690px\" class=\"wp-caption aligncenter\"><img loading=\"lazy\" decoding=\"async\" aria-describedby=\"caption-attachment-147426\" class=\"wp-image-147426\" src=\"https:\/\/diarioregionaldigital.com.br\/wp-content\/uploads\/2019\/09\/fotoe-4-e1568067656774.jpg\" alt=\"\" width=\"680\" height=\"511\" srcset=\"https:\/\/diarioregionaldigital.com.br\/wp-content\/uploads\/2019\/09\/fotoe-4-e1568067656774.jpg 1197w, https:\/\/diarioregionaldigital.com.br\/wp-content\/uploads\/2019\/09\/fotoe-4-e1568067656774-300x226.jpg 300w, https:\/\/diarioregionaldigital.com.br\/wp-content\/uploads\/2019\/09\/fotoe-4-e1568067656774-768x577.jpg 768w, https:\/\/diarioregionaldigital.com.br\/wp-content\/uploads\/2019\/09\/fotoe-4-e1568067656774-1024x770.jpg 1024w, https:\/\/diarioregionaldigital.com.br\/wp-content\/uploads\/2019\/09\/fotoe-4-e1568067656774-360x271.jpg 360w\" sizes=\"auto, (max-width: 680px) 100vw, 680px\" \/><p id=\"caption-attachment-147426\" class=\"wp-caption-text\">Favorito da Educa\u00e7\u00e3o F\u00edsica, L\u00facio Reis<\/p><\/div>\n<div id=\"attachment_147427\" style=\"width: 690px\" class=\"wp-caption aligncenter\"><img loading=\"lazy\" decoding=\"async\" aria-describedby=\"caption-attachment-147427\" class=\"wp-image-147427\" src=\"https:\/\/diarioregionaldigital.com.br\/wp-content\/uploads\/2019\/09\/fotof-5-e1568067703714.jpg\" alt=\"\" width=\"680\" height=\"496\" srcset=\"https:\/\/diarioregionaldigital.com.br\/wp-content\/uploads\/2019\/09\/fotof-5-e1568067703714.jpg 1164w, https:\/\/diarioregionaldigital.com.br\/wp-content\/uploads\/2019\/09\/fotof-5-e1568067703714-300x219.jpg 300w, https:\/\/diarioregionaldigital.com.br\/wp-content\/uploads\/2019\/09\/fotof-5-e1568067703714-768x560.jpg 768w, https:\/\/diarioregionaldigital.com.br\/wp-content\/uploads\/2019\/09\/fotof-5-e1568067703714-1024x747.jpg 1024w, https:\/\/diarioregionaldigital.com.br\/wp-content\/uploads\/2019\/09\/fotof-5-e1568067703714-360x263.jpg 360w\" sizes=\"auto, (max-width: 680px) 100vw, 680px\" \/><p id=\"caption-attachment-147427\" class=\"wp-caption-text\">Comemorando 20 anos da Academia Forum, o professor Marcelo Brigatto<\/p><\/div>\n<div id=\"attachment_147428\" style=\"width: 690px\" class=\"wp-caption aligncenter\"><img loading=\"lazy\" decoding=\"async\" aria-describedby=\"caption-attachment-147428\" class=\"wp-image-147428\" src=\"https:\/\/diarioregionaldigital.com.br\/wp-content\/uploads\/2019\/09\/fotog-5.jpg\" alt=\"\" width=\"680\" height=\"435\" srcset=\"https:\/\/diarioregionaldigital.com.br\/wp-content\/uploads\/2019\/09\/fotog-5.jpg 1764w, https:\/\/diarioregionaldigital.com.br\/wp-content\/uploads\/2019\/09\/fotog-5-300x192.jpg 300w, https:\/\/diarioregionaldigital.com.br\/wp-content\/uploads\/2019\/09\/fotog-5-768x491.jpg 768w, https:\/\/diarioregionaldigital.com.br\/wp-content\/uploads\/2019\/09\/fotog-5-1024x655.jpg 1024w, https:\/\/diarioregionaldigital.com.br\/wp-content\/uploads\/2019\/09\/fotog-5-360x230.jpg 360w\" sizes=\"auto, (max-width: 680px) 100vw, 680px\" \/><p id=\"caption-attachment-147428\" class=\"wp-caption-text\">Em noite de samba no Restaurante Pal\u00e1cio, Ronaldo Campos, Andr\u00e9a Macedo Goossens, Marc\u00edlio Gomes e Silvana Perotti<\/p><\/div>\n<div id=\"attachment_147430\" style=\"width: 690px\" class=\"wp-caption aligncenter\"><img loading=\"lazy\" decoding=\"async\" aria-describedby=\"caption-attachment-147430\" class=\"wp-image-147430\" src=\"https:\/\/diarioregionaldigital.com.br\/wp-content\/uploads\/2019\/09\/fotoh-5-e1568067751985.jpg\" alt=\"\" width=\"680\" height=\"510\" srcset=\"https:\/\/diarioregionaldigital.com.br\/wp-content\/uploads\/2019\/09\/fotoh-5-e1568067751985.jpg 1266w, https:\/\/diarioregionaldigital.com.br\/wp-content\/uploads\/2019\/09\/fotoh-5-e1568067751985-300x225.jpg 300w, https:\/\/diarioregionaldigital.com.br\/wp-content\/uploads\/2019\/09\/fotoh-5-e1568067751985-768x576.jpg 768w, https:\/\/diarioregionaldigital.com.br\/wp-content\/uploads\/2019\/09\/fotoh-5-e1568067751985-1024x768.jpg 1024w, https:\/\/diarioregionaldigital.com.br\/wp-content\/uploads\/2019\/09\/fotoh-5-e1568067751985-360x270.jpg 360w\" sizes=\"auto, (max-width: 680px) 100vw, 680px\" \/><p id=\"caption-attachment-147430\" class=\"wp-caption-text\">A linda Marina Toledo com cabelos by PH Hair<\/p><\/div>\n<div id=\"attachment_147431\" style=\"width: 690px\" class=\"wp-caption aligncenter\"><img loading=\"lazy\" decoding=\"async\" aria-describedby=\"caption-attachment-147431\" class=\"wp-image-147431\" src=\"https:\/\/diarioregionaldigital.com.br\/wp-content\/uploads\/2019\/09\/fotoi-4-e1568067789234.jpg\" alt=\"\" width=\"680\" height=\"520\" srcset=\"https:\/\/diarioregionaldigital.com.br\/wp-content\/uploads\/2019\/09\/fotoi-4-e1568067789234.jpg 1175w, https:\/\/diarioregionaldigital.com.br\/wp-content\/uploads\/2019\/09\/fotoi-4-e1568067789234-300x229.jpg 300w, https:\/\/diarioregionaldigital.com.br\/wp-content\/uploads\/2019\/09\/fotoi-4-e1568067789234-768x587.jpg 768w, https:\/\/diarioregionaldigital.com.br\/wp-content\/uploads\/2019\/09\/fotoi-4-e1568067789234-1024x783.jpg 1024w, https:\/\/diarioregionaldigital.com.br\/wp-content\/uploads\/2019\/09\/fotoi-4-e1568067789234-360x275.jpg 360w\" sizes=\"auto, (max-width: 680px) 100vw, 680px\" \/><p id=\"caption-attachment-147431\" class=\"wp-caption-text\">Na The Week Rio, os bonit\u00f5es Renan Teixeira e Ramon Costa<\/p><\/div>\n<div id=\"attachment_147432\" style=\"width: 690px\" class=\"wp-caption aligncenter\"><img loading=\"lazy\" decoding=\"async\" aria-describedby=\"caption-attachment-147432\" class=\"wp-image-147432\" src=\"https:\/\/diarioregionaldigital.com.br\/wp-content\/uploads\/2019\/09\/fotoj-5-e1568067824740.jpg\" alt=\"\" width=\"680\" height=\"550\" srcset=\"https:\/\/diarioregionaldigital.com.br\/wp-content\/uploads\/2019\/09\/fotoj-5-e1568067824740.jpg 1173w, https:\/\/diarioregionaldigital.com.br\/wp-content\/uploads\/2019\/09\/fotoj-5-e1568067824740-300x242.jpg 300w, https:\/\/diarioregionaldigital.com.br\/wp-content\/uploads\/2019\/09\/fotoj-5-e1568067824740-768x621.jpg 768w, https:\/\/diarioregionaldigital.com.br\/wp-content\/uploads\/2019\/09\/fotoj-5-e1568067824740-1024x828.jpg 1024w, https:\/\/diarioregionaldigital.com.br\/wp-content\/uploads\/2019\/09\/fotoj-5-e1568067824740-360x291.jpg 360w\" sizes=\"auto, (max-width: 680px) 100vw, 680px\" \/><p id=\"caption-attachment-147432\" class=\"wp-caption-text\">Aniversariando, a bonita Jana\u00edna Oliveira cantou Parab\u00e9ns no Bar do Totonho<\/p><\/div>\n<div id=\"attachment_147433\" style=\"width: 690px\" class=\"wp-caption aligncenter\"><img loading=\"lazy\" decoding=\"async\" aria-describedby=\"caption-attachment-147433\" class=\"wp-image-147433\" src=\"https:\/\/diarioregionaldigital.com.br\/wp-content\/uploads\/2019\/09\/fotol-4-e1568067863289.jpg\" alt=\"\" width=\"680\" height=\"478\" srcset=\"https:\/\/diarioregionaldigital.com.br\/wp-content\/uploads\/2019\/09\/fotol-4-e1568067863289.jpg 1137w, https:\/\/diarioregionaldigital.com.br\/wp-content\/uploads\/2019\/09\/fotol-4-e1568067863289-300x210.jpg 300w, https:\/\/diarioregionaldigital.com.br\/wp-content\/uploads\/2019\/09\/fotol-4-e1568067863289-768x540.jpg 768w, https:\/\/diarioregionaldigital.com.br\/wp-content\/uploads\/2019\/09\/fotol-4-e1568067863289-1024x720.jpg 1024w, https:\/\/diarioregionaldigital.com.br\/wp-content\/uploads\/2019\/09\/fotol-4-e1568067863289-360x253.jpg 360w, https:\/\/diarioregionaldigital.com.br\/wp-content\/uploads\/2019\/09\/fotol-4-e1568067863289-100x70.jpg 100w\" sizes=\"auto, (max-width: 680px) 100vw, 680px\" \/><p id=\"caption-attachment-147433\" class=\"wp-caption-text\">Curtindo Ibitipoca, o coach Douglas Costa<\/p><\/div>\n<p style=\"text-align: center;\"><strong>FOTOSS\u00cdNTESE<\/strong><\/p>\n<p>Com festa requintada que \u00e9 marca deste colunista vai ser no dia 8 de outubro, \u00e0s 20h, no terra\u00e7o do Trade Hotel, a comemora\u00e7\u00e3o dos 31 anos de colunismo do titular desta p\u00e1gina e a entrega do Trof\u00e9u aos \u201cMelhores de 2019\u201d.<\/p>\n<p>Ser\u00e1 no dia 14 (s\u00e1bado), na Escola Estadual Francisco Bernardino (Bairu), a Feijoada e show de pr\u00eamios, de 11h30 \u00e0s 14h. O evento \u00e9 em prol da quadra polesportiva e sala de inform\u00e1tica.<\/p>\n<p>Para os dias 10 e 11 de setembro, de 19h \u00e0s 22h, a dica \u00e9 o Curso Storytelling- \u201co poder das hist\u00f3rias que vendem\u201d, com o top palestrante Cristiano Moreira. Ser\u00e1 no Espa\u00e7o Interativo Coworking, na Rua Oscar Vidal, n\u00ba 416.<\/p>\n<p>Em solenidade concorrida, o comandante do 4\u00ba BBM, tenente-coronel Emerson Ramalho dos Santos, entregou \u00e0 Funalfa o diploma \u201cAmigo do Batalh\u00e3o\u201d.<\/p>\n<p>Rio Novo recebeu mais uma edi\u00e7\u00e3o da FliMinas-Festa Liter\u00e1ria de Minas Gerais. O evento contou com mesa de debates com Mary Fran\u00e7a, Ninfa Parreiras e Bia Bedran com media\u00e7\u00e3o de Margareth Marinho.<\/p>\n<p>Digno de aplausos, o nadador do Bom Pastor, Gabriel Geraldo, voltou dos Jogos Para-Pamericanos, em Lima no Peru, com 5 medalhas e bateu tr\u00eas recordes, dois brasileiros e um mundial.<\/p>\n<p>Est\u00e1 um primor a cole\u00e7\u00e3o ver\u00e3o da loja Veneno. Localizada no Mister Shopping, 1\u00aa piso, \u00e9 reduto de mulheres elegantes de Juiz de Fora.<\/p>\n<p>At\u00e9 o dia 15 segue bem animada a 25\u00aa edi\u00e7\u00e3o da Festa Alem\u00e3, no bairro Borboleta.<\/p>\n<p>Para evoluir: A famosa limonada, feita do mais amargo lim\u00e3o, pode sair estupidamente gelada e ado\u00e7ada a gosto, se voc\u00ea usar bem a imagina\u00e7\u00e3o. Bom dia.<\/p>\n<p><img loading=\"lazy\" decoding=\"async\" class=\"aligncenter size-full wp-image-146725\" src=\"https:\/\/diarioregionaldigital.com.br\/wp-content\/uploads\/2019\/08\/anuncio-26.jpg\" alt=\"\" width=\"1743\" height=\"324\" srcset=\"https:\/\/diarioregionaldigital.com.br\/wp-content\/uploads\/2019\/08\/anuncio-26.jpg 1743w, https:\/\/diarioregionaldigital.com.br\/wp-content\/uploads\/2019\/08\/anuncio-26-300x56.jpg 300w, https:\/\/diarioregionaldigital.com.br\/wp-content\/uploads\/2019\/08\/anuncio-26-768x143.jpg 768w, https:\/\/diarioregionaldigital.com.br\/wp-content\/uploads\/2019\/08\/anuncio-26-1024x190.jpg 1024w, https:\/\/diarioregionaldigital.com.br\/wp-content\/uploads\/2019\/08\/anuncio-26-360x67.jpg 360w\" sizes=\"auto, (max-width: 1743px) 100vw, 1743px\" \/><\/p>\n","protected":false},"excerpt":{"rendered":"<p>Regulariza\u00e7\u00e3o Ambiental Em 2019, a FIEMG executar\u00e1 a terceira edi\u00e7\u00e3o do Programa de Fiscaliza\u00e7\u00e3o Ambiental Preventiva na Ind\u00fastria (FAPI), em parceria com os Sindicatos, a Semad e a Pol\u00edcia Militar de Minas Gerais.Workshops ser\u00e3o realizados com o objetivo de informar, instruir e sensibilizar os empreendedores sobre como obter a regulariza\u00e7\u00e3o ambiental, incentivando a obter a [&hellip;]<\/p>\n","protected":false},"author":96,"featured_media":147421,"comment_status":"closed","ping_status":"closed","sticky":false,"template":"","format":"standard","meta":{"footnotes":""},"categories":[264],"tags":[],"class_list":["post-147450","post","type-post","status-publish","format-standard","has-post-thumbnail","hentry","category-eduardo-gomes"],"_links":{"self":[{"href":"https:\/\/diarioregionaldigital.com.br\/index.php?rest_route=\/wp\/v2\/posts\/147450","targetHints":{"allow":["GET"]}}],"collection":[{"href":"https:\/\/diarioregionaldigital.com.br\/index.php?rest_route=\/wp\/v2\/posts"}],"about":[{"href":"https:\/\/diarioregionaldigital.com.br\/index.php?rest_route=\/wp\/v2\/types\/post"}],"author":[{"embeddable":true,"href":"https:\/\/diarioregionaldigital.com.br\/index.php?rest_route=\/wp\/v2\/users\/96"}],"replies":[{"embeddable":true,"href":"https:\/\/diarioregionaldigital.com.br\/index.php?rest_route=%2Fwp%2Fv2%2Fcomments&post=147450"}],"version-history":[{"count":0,"href":"https:\/\/diarioregionaldigital.com.br\/index.php?rest_route=\/wp\/v2\/posts\/147450\/revisions"}],"wp:featuredmedia":[{"embeddable":true,"href":"https:\/\/diarioregionaldigital.com.br\/index.php?rest_route=\/wp\/v2\/media\/147421"}],"wp:attachment":[{"href":"https:\/\/diarioregionaldigital.com.br\/index.php?rest_route=%2Fwp%2Fv2%2Fmedia&parent=147450"}],"wp:term":[{"taxonomy":"category","embeddable":true,"href":"https:\/\/diarioregionaldigital.com.br\/index.php?rest_route=%2Fwp%2Fv2%2Fcategories&post=147450"},{"taxonomy":"post_tag","embeddable":true,"href":"https:\/\/diarioregionaldigital.com.br\/index.php?rest_route=%2Fwp%2Fv2%2Ftags&post=147450"}],"curies":[{"name":"wp","href":"https:\/\/api.w.org\/{rel}","templated":true}]}}