{"id":147441,"date":"2019-09-09T18:54:44","date_gmt":"2019-09-09T21:54:44","guid":{"rendered":"https:\/\/diarioregionaldigital.com.br\/?p=147441"},"modified":"2019-09-09T18:54:44","modified_gmt":"2019-09-09T21:54:44","slug":"a-cidade-e-para-todos-semaur-inicia-nova-fase-da-operacao","status":"publish","type":"post","link":"https:\/\/diarioregionaldigital.com.br\/?p=147441","title":{"rendered":"\u201cA cidade \u00e9 para todos\u201d: Semaur inicia nova fase da opera\u00e7\u00e3o"},"content":{"rendered":"<p>A Secretaria de Meio Ambiente e Ordenamento Urbano (Semaur), da Prefeitura de Juiz de Fora (PJF), deu in\u00edcio nesta segunda-feira, 9, a mais uma etapa da opera\u00e7\u00e3o \u201cA cidade \u00e9 para todos\u201d, a\u00e7\u00e3o que acontece h\u00e1 mais de um m\u00eas na cidade.<\/p>\n<p>A opera\u00e7\u00e3o tem como objetivo inibir o com\u00e9rcio ilegal nas ruas centrais, mostrando \u00e0 popula\u00e7\u00e3o a import\u00e2ncia da organiza\u00e7\u00e3o do ambiente urbano. Fiscais de posturas do munic\u00edpio est\u00e3o circulando por pontos estrat\u00e9gicos, visando a garantir maior acessibilidade, mobilidade e seguran\u00e7a aos pedestres.<\/p>\n<p>Al\u00e9m disso, o com\u00e9rcio formal e ambulantes regularizados tamb\u00e9m ser\u00e3o verificados e orientados. Durante este per\u00edodo, tamb\u00e9m est\u00e3o sendo realizados trabalhos internos, para tra\u00e7ar estrat\u00e9gias e melhorar o servi\u00e7o de abordagens aos ambulantes.<\/p>\n<p>A atua\u00e7\u00e3o conta com 36 fiscais do Departamento de Fiscaliza\u00e7\u00e3o Ambiental e Urbana (Dfau), junto com 26 guardas municipais e refor\u00e7o da Pol\u00edcia Militar (PM). As atividades acontecem das 7 \u00e0s 18 horas, no quadril\u00e1tero central da cidade, que engloba desde a Avenida Bar\u00e3o do Rio Branco at\u00e9 a Avenida Get\u00falio Vargas, e da Avenida Presidente Itamar Franco at\u00e9 a Rua S\u00e3o Sebasti\u00e3o.<\/p>\n","protected":false},"excerpt":{"rendered":"<p>A Secretaria de Meio Ambiente e Ordenamento Urbano (Semaur), da Prefeitura de Juiz de Fora (PJF), deu in\u00edcio nesta segunda-feira, 9, a mais uma etapa da opera\u00e7\u00e3o \u201cA cidade \u00e9 para todos\u201d, a\u00e7\u00e3o que acontece h\u00e1 mais de um m\u00eas na cidade. A opera\u00e7\u00e3o tem como objetivo inibir o com\u00e9rcio ilegal nas ruas centrais, mostrando [&hellip;]<\/p>\n","protected":false},"author":96,"featured_media":147442,"comment_status":"closed","ping_status":"closed","sticky":false,"template":"","format":"standard","meta":{"footnotes":""},"categories":[253,436,440,439],"tags":[],"class_list":["post-147441","post","type-post","status-publish","format-standard","has-post-thumbnail","hentry","category-cidade","category-destaque-da-semana","category-destaques-do-dia","category-ultima-hora"],"_links":{"self":[{"href":"https:\/\/diarioregionaldigital.com.br\/index.php?rest_route=\/wp\/v2\/posts\/147441","targetHints":{"allow":["GET"]}}],"collection":[{"href":"https:\/\/diarioregionaldigital.com.br\/index.php?rest_route=\/wp\/v2\/posts"}],"about":[{"href":"https:\/\/diarioregionaldigital.com.br\/index.php?rest_route=\/wp\/v2\/types\/post"}],"author":[{"embeddable":true,"href":"https:\/\/diarioregionaldigital.com.br\/index.php?rest_route=\/wp\/v2\/users\/96"}],"replies":[{"embeddable":true,"href":"https:\/\/diarioregionaldigital.com.br\/index.php?rest_route=%2Fwp%2Fv2%2Fcomments&post=147441"}],"version-history":[{"count":0,"href":"https:\/\/diarioregionaldigital.com.br\/index.php?rest_route=\/wp\/v2\/posts\/147441\/revisions"}],"wp:featuredmedia":[{"embeddable":true,"href":"https:\/\/diarioregionaldigital.com.br\/index.php?rest_route=\/wp\/v2\/media\/147442"}],"wp:attachment":[{"href":"https:\/\/diarioregionaldigital.com.br\/index.php?rest_route=%2Fwp%2Fv2%2Fmedia&parent=147441"}],"wp:term":[{"taxonomy":"category","embeddable":true,"href":"https:\/\/diarioregionaldigital.com.br\/index.php?rest_route=%2Fwp%2Fv2%2Fcategories&post=147441"},{"taxonomy":"post_tag","embeddable":true,"href":"https:\/\/diarioregionaldigital.com.br\/index.php?rest_route=%2Fwp%2Fv2%2Ftags&post=147441"}],"curies":[{"name":"wp","href":"https:\/\/api.w.org\/{rel}","templated":true}]}}