{"id":147438,"date":"2019-09-09T18:39:23","date_gmt":"2019-09-09T21:39:23","guid":{"rendered":"https:\/\/diarioregionaldigital.com.br\/?p=147438"},"modified":"2019-09-09T18:39:23","modified_gmt":"2019-09-09T21:39:23","slug":"funalfa-da-sequencia-ao-treinamento-para-a-edicao-2019-da-lei-murilo-mendes","status":"publish","type":"post","link":"https:\/\/diarioregionaldigital.com.br\/?p=147438","title":{"rendered":"Funalfa d\u00e1 sequ\u00eancia ao treinamento para a edi\u00e7\u00e3o 2019 da Lei \u201cMurilo Mendes\u201d"},"content":{"rendered":"<p>Dando continuidade ao suporte oferecido aos artistas e produtores culturais em rela\u00e7\u00e3o ao Edital 2019 da Lei \u201cMurilo Mendes\u201d, a Funda\u00e7\u00e3o Cultural \u201cAlfredo Ferreira Lage\u201d (Funalfa) promover\u00e1 mais quatro oficinas de Elabora\u00e7\u00e3o de Projetos Culturais, sendo tr\u00eas no Pa\u00e7o Municipal, no Centro, e uma no Centro de Artes e Esportes Unificados \u201cCoronel Adelmir Romualdo de Oliveira\u201d (Pra\u00e7a CEU), no Bairro Benfica. O treinamento ter\u00e1 entrada franca e livre para todos os p\u00fablicos, sem necessidade de inscri\u00e7\u00e3o pr\u00e9via.<\/p>\n<p>Outro canal aberto pela Funalfa \u00e9 o \u201cPlant\u00e3o Tira-d\u00favidas\u201d, com atendimento presencial no Pa\u00e7o Municipal, em dias e hor\u00e1rios diversos, tamb\u00e9m gratuito e sem necessidade de pr\u00e9vio agendamento.<\/p>\n<p>O objetivo das a\u00e7\u00f5es \u00e9 orientar a classe art\u00edstica em rela\u00e7\u00e3o \u00e0s novas regras da Lei \u201cMurilo Mendes\u201d, que est\u00e1 com inscri\u00e7\u00f5es abertas at\u00e9 o fim deste m\u00eas. Nesta edi\u00e7\u00e3o, a Prefeitura de Juiz de Fora (PJF) disponibilizar\u00e1 R$ 1,5 milh\u00e3o para financiamento de projetos de arte e cultura, em seus mais diversos segmentos, como artes c\u00eanicas, cultura popular e urbana, literatura, patrim\u00f4nio e mem\u00f3ria, audiovisual, m\u00fasica, dan\u00e7a, artes visuais e design, games, moda, culin\u00e1ria e circo, entre outros.<\/p>\n<p>Podem se candidatar pessoas f\u00edsicas, maiores de 18 anos ou emancipadas, que comprovem resid\u00eancia em Juiz de Fora em 2019, 2018 e 2017. O edital e os demais documentos est\u00e3o dispon\u00edveis para download no site funalfa.com.br. Pelo site tamb\u00e9m \u00e9 poss\u00edvel formalizar as inscri\u00e7\u00f5es on-line, obter informa\u00e7\u00f5es sobre as inscri\u00e7\u00f5es presenciais e pedir informa\u00e7\u00f5es.<\/p>\n<p><strong>Oficinas<\/strong><\/p>\n<p>&#8211;\u00a0Dia 10\u00a0| Ter\u00e7a-feira \u2013 14 horas &#8211; Anfiteatro \u201cJo\u00e3o Carri\u00e7o\u201d (Av. Rio Branco, 2.234 \u2013 Centro)<\/p>\n<p>&#8211;\u00a0Dia 12\u00a0| Quinta-feira \u2013 19 horas &#8211; Anfiteatro \u201cJo\u00e3o Carri\u00e7o\u201d<\/p>\n<p>&#8211;\u00a0Dia 18\u00a0| Quarta-feira \u2013 16 horas &#8211; Pra\u00e7a CEU (Av. Juscelino Kubitschek, 5.899 \u2013 Bairro Benfica)<\/p>\n<p>&#8211;\u00a0Dia 21\u00a0| S\u00e1bado \u2013 10 horas &#8211; Anfiteatro \u201cJo\u00e3o Carri\u00e7o\u201d<\/p>\n<p><strong>Plant\u00f5es<\/strong><\/p>\n<p>&#8211;\u00a0Dia 9\u00a0| Segunda-feira- 9 \u00e0s 12 horas<\/p>\n<p>&#8211;\u00a0Dia 12\u00a0|Quinta-feira &#8211; 14 \u00e0s 18 horas<\/p>\n<p>&#8211;\u00a0Dia 13\u00a0|Sexta-feira &#8211; 9 \u00e0s 12 horas<\/p>\n<p>&#8211;\u00a0Dia 16\u00a0|Segunda-feira &#8211; 14 \u00e0s 18 horas<\/p>\n<p>&#8211;\u00a0Dia 17\u00a0|Ter\u00e7a-feira &#8211; 9 \u00e0s 12 horas<\/p>\n<p>&#8211;\u00a0Dia 19\u00a0|Quinta-feira &#8211; 14 \u00e0s 18 horas<\/p>\n<p>&#8211;\u00a0Dia 20\u00a0|Sexta-feira &#8211; 9 \u00e0s 12 horas<\/p>\n<p>&#8211;\u00a0Dia 23\u00a0|Segunda-feira &#8211; 9 \u00e0s 12 horas e 16 \u00e0s 20 horas<\/p>\n<p>&#8211;\u00a0Dia 24\u00a0|Ter\u00e7a-feira &#8211; 9 \u00e0s 12 horas e 14 \u00e0s 18 horas<\/p>\n<p>&#8211;\u00a0Dia 25\u00a0|Quarta-feira &#8211; 9 \u00e0s 12 horas e 16 \u00e0s 20 horas<\/p>\n<p>&#8211;\u00a0Dia 26\u00a0|Quinta-feira &#8211; 9 \u00e0s 12 horas e 14 \u00e0s 18 horas<\/p>\n<p>&#8211;\u00a0Dia 27\u00a0|Sexta-feira &#8211; 9 \u00e0s 12 horas e 14 \u00e0s 18 horas<\/p>\n<p>Fonte: PJF<\/p>\n","protected":false},"excerpt":{"rendered":"<p>Dando continuidade ao suporte oferecido aos artistas e produtores culturais em rela\u00e7\u00e3o ao Edital 2019 da Lei \u201cMurilo Mendes\u201d, a Funda\u00e7\u00e3o Cultural \u201cAlfredo Ferreira Lage\u201d (Funalfa) promover\u00e1 mais quatro oficinas de Elabora\u00e7\u00e3o de Projetos Culturais, sendo tr\u00eas no Pa\u00e7o Municipal, no Centro, e uma no Centro de Artes e Esportes Unificados \u201cCoronel Adelmir Romualdo de [&hellip;]<\/p>\n","protected":false},"author":96,"featured_media":147436,"comment_status":"closed","ping_status":"closed","sticky":false,"template":"","format":"standard","meta":{"footnotes":""},"categories":[253,436,439],"tags":[],"class_list":["post-147438","post","type-post","status-publish","format-standard","has-post-thumbnail","hentry","category-cidade","category-destaque-da-semana","category-ultima-hora"],"_links":{"self":[{"href":"https:\/\/diarioregionaldigital.com.br\/index.php?rest_route=\/wp\/v2\/posts\/147438","targetHints":{"allow":["GET"]}}],"collection":[{"href":"https:\/\/diarioregionaldigital.com.br\/index.php?rest_route=\/wp\/v2\/posts"}],"about":[{"href":"https:\/\/diarioregionaldigital.com.br\/index.php?rest_route=\/wp\/v2\/types\/post"}],"author":[{"embeddable":true,"href":"https:\/\/diarioregionaldigital.com.br\/index.php?rest_route=\/wp\/v2\/users\/96"}],"replies":[{"embeddable":true,"href":"https:\/\/diarioregionaldigital.com.br\/index.php?rest_route=%2Fwp%2Fv2%2Fcomments&post=147438"}],"version-history":[{"count":0,"href":"https:\/\/diarioregionaldigital.com.br\/index.php?rest_route=\/wp\/v2\/posts\/147438\/revisions"}],"wp:featuredmedia":[{"embeddable":true,"href":"https:\/\/diarioregionaldigital.com.br\/index.php?rest_route=\/wp\/v2\/media\/147436"}],"wp:attachment":[{"href":"https:\/\/diarioregionaldigital.com.br\/index.php?rest_route=%2Fwp%2Fv2%2Fmedia&parent=147438"}],"wp:term":[{"taxonomy":"category","embeddable":true,"href":"https:\/\/diarioregionaldigital.com.br\/index.php?rest_route=%2Fwp%2Fv2%2Fcategories&post=147438"},{"taxonomy":"post_tag","embeddable":true,"href":"https:\/\/diarioregionaldigital.com.br\/index.php?rest_route=%2Fwp%2Fv2%2Ftags&post=147438"}],"curies":[{"name":"wp","href":"https:\/\/api.w.org\/{rel}","templated":true}]}}